
{"id":3244,"date":"2011-07-08T06:09:51","date_gmt":"2011-07-08T05:09:51","guid":{"rendered":"http:\/\/adamczewscy.pl\/?p=3244"},"modified":"2011-07-08T06:09:51","modified_gmt":"2011-07-08T05:09:51","slug":"kapusta-panierowana","status":"publish","type":"post","link":"https:\/\/blog.polityka.pl\/adamczewski\/2011\/07\/08\/kapusta-panierowana\/","title":{"rendered":"Kapusta panierowana"},"content":{"rendered":"<p><em>G\u0142\u00f3wka bia\u0142ej kapusty, 3 jajka, 3 \u0142y\u017cki tartej bu\u0142ki, s\u00f3l, pieprz, p\u00f3\u0142 szklanki oleju<\/em><\/p>\n<p>1. G\u0142\u00f3wk\u0119 kapusty oczy\u015bci\u0107 z uszkodzonych li\u015bci, przekroi\u0107 na po\u0142ow\u0119. W\u0142o\u017cy\u0107 do wrz\u0105cej, lekko osolonej wody i gotowa\u0107 20 minut.<br \/>\n2. Ods\u0105czy\u0107 kapust\u0119, pokroi\u0107 ka\u017cd\u0105 po\u0142\u00f3wk\u0119 na kilka cz\u0119\u015bci. Pami\u0119ta\u0107 nale\u017cy, \u017ce listki ka\u017cdej cz\u0119\u015bci powinien utrzymywa\u0107 w ca\u0142o\u015bci fragment g\u0142\u0105ba.<br \/>\n3. Jajka rozbi\u0107, dodaj\u0105c odrobin\u0119 soli.<br \/>\n4. Macza\u0107 ka\u017cdy kawa\u0142ek kapusty w jajkach i nast\u0119pnie w tartej bu\u0142ce. Sma\u017cy\u0107 na rozgrzanym oleju na rumiano, w trakcie sma\u017cenia posypa\u0107 sol\u0105 i pieprzem. <\/p>\n","protected":false},"excerpt":{"rendered":"<p>G\u0142\u00f3wka bia\u0142ej kapusty, 3 jajka, 3 \u0142y\u017cki tartej bu\u0142ki, s\u00f3l, pieprz, p\u00f3\u0142 szklanki oleju 1. G\u0142\u00f3wk\u0119 kapusty oczy\u015bci\u0107 z uszkodzonych li\u015bci, przekroi\u0107 na po\u0142ow\u0119. W\u0142o\u017cy\u0107 do wrz\u0105cej, lekko osolonej wody i gotowa\u0107 20 minut. 2. Ods\u0105czy\u0107 kapust\u0119, pokroi\u0107 ka\u017cd\u0105 po\u0142\u00f3wk\u0119 na kilka cz\u0119\u015bci. Pami\u0119ta\u0107 nale\u017cy, \u017ce listki ka\u017cdej cz\u0119\u015bci powinien utrzymywa\u0107 w ca\u0142o\u015bci fragment g\u0142\u0105ba. [&hellip;]<\/p>\n","protected":false},"author":2,"featured_media":0,"comment_status":"open","ping_status":"open","sticky":false,"template":"","format":"standard","meta":{"footnotes":""},"categories":[1],"tags":[],"_links":{"self":[{"href":"https:\/\/blog.polityka.pl\/adamczewski\/wp-json\/wp\/v2\/posts\/3244"}],"collection":[{"href":"https:\/\/blog.polityka.pl\/adamczewski\/wp-json\/wp\/v2\/posts"}],"about":[{"href":"https:\/\/blog.polityka.pl\/adamczewski\/wp-json\/wp\/v2\/types\/post"}],"author":[{"embeddable":true,"href":"https:\/\/blog.polityka.pl\/adamczewski\/wp-json\/wp\/v2\/users\/2"}],"replies":[{"embeddable":true,"href":"https:\/\/blog.polityka.pl\/adamczewski\/wp-json\/wp\/v2\/comments?post=3244"}],"version-history":[{"count":0,"href":"https:\/\/blog.polityka.pl\/adamczewski\/wp-json\/wp\/v2\/posts\/3244\/revisions"}],"wp:attachment":[{"href":"https:\/\/blog.polityka.pl\/adamczewski\/wp-json\/wp\/v2\/media?parent=3244"}],"wp:term":[{"taxonomy":"category","embeddable":true,"href":"https:\/\/blog.polityka.pl\/adamczewski\/wp-json\/wp\/v2\/categories?post=3244"},{"taxonomy":"post_tag","embeddable":true,"href":"https:\/\/blog.polityka.pl\/adamczewski\/wp-json\/wp\/v2\/tags?post=3244"}],"curies":[{"name":"wp","href":"https:\/\/api.w.org\/{rel}","templated":true}]}}