
{"id":3247,"date":"2011-07-15T06:06:36","date_gmt":"2011-07-15T05:06:36","guid":{"rendered":"http:\/\/adamczewscy.pl\/?p=3247"},"modified":"2011-07-15T06:06:36","modified_gmt":"2011-07-15T05:06:36","slug":"cieleca-pieczen-w-miodzie","status":"publish","type":"post","link":"https:\/\/blog.polityka.pl\/adamczewski\/2011\/07\/15\/cieleca-pieczen-w-miodzie\/","title":{"rendered":"Ciel\u0119ca piecze\u0144 w miodzie"},"content":{"rendered":"<p><em>1,5 kg zadniej ciel\u0119ciny, 10 dag p\u0142ynnego miodu, sok z 2 cytryn, 3\/4 szklanki blanszowanych migda\u0142ow, 3 szklanki mas\u0142a, s\u00f3l, pieprz<\/em><\/p>\n<p>1. Mi\u0119so umy\u0107, osuszy\u0107 kuchennym papierowym r\u0119cznikiem, posoli\u0107 wygniataj\u0105c d\u0142o\u0144mi. Posypa\u0107 pieprzem, skropi\u0107 sokiem cytrynowym. Wstawi\u0107 na kilka godzin do lod\u00f3wki.<br \/>\n2. Obrane ze sk\u00f3rki migda\u0142y naszpikowa\u0107 migda\u0142ami (najpierw przy pomocy ostrego w\u0105skiego no\u017ca ponacina\u0107 ma\u0142e dziurki a nast\u0119pnie palcem wpycha\u0107 w nie migda\u0142y).<br \/>\n3. Pola\u0107 mi\u0119so stopionym mas\u0142em.<br \/>\n4. W piekarniku nagrzanym do 225\u00b0C piec mi\u0119so 15 minut a nast\u0119pnie piec kolejne 60 minut w temperaturze 180\u00b0C. W ci\u0105gu tej godziny polewa\u0107 mi\u0119so mieszank\u0105 miodu z sokiem cytrynowym i wytwarzaj\u0105cego si\u0119 sosu. <\/p>\n","protected":false},"excerpt":{"rendered":"<p>1,5 kg zadniej ciel\u0119ciny, 10 dag p\u0142ynnego miodu, sok z 2 cytryn, 3\/4 szklanki blanszowanych migda\u0142ow, 3 szklanki mas\u0142a, s\u00f3l, pieprz 1. Mi\u0119so umy\u0107, osuszy\u0107 kuchennym papierowym r\u0119cznikiem, posoli\u0107 wygniataj\u0105c d\u0142o\u0144mi. Posypa\u0107 pieprzem, skropi\u0107 sokiem cytrynowym. Wstawi\u0107 na kilka godzin do lod\u00f3wki. 2. Obrane ze sk\u00f3rki migda\u0142y naszpikowa\u0107 migda\u0142ami (najpierw przy pomocy ostrego w\u0105skiego no\u017ca [&hellip;]<\/p>\n","protected":false},"author":2,"featured_media":0,"comment_status":"open","ping_status":"open","sticky":false,"template":"","format":"standard","meta":{"footnotes":""},"categories":[1],"tags":[],"_links":{"self":[{"href":"https:\/\/blog.polityka.pl\/adamczewski\/wp-json\/wp\/v2\/posts\/3247"}],"collection":[{"href":"https:\/\/blog.polityka.pl\/adamczewski\/wp-json\/wp\/v2\/posts"}],"about":[{"href":"https:\/\/blog.polityka.pl\/adamczewski\/wp-json\/wp\/v2\/types\/post"}],"author":[{"embeddable":true,"href":"https:\/\/blog.polityka.pl\/adamczewski\/wp-json\/wp\/v2\/users\/2"}],"replies":[{"embeddable":true,"href":"https:\/\/blog.polityka.pl\/adamczewski\/wp-json\/wp\/v2\/comments?post=3247"}],"version-history":[{"count":0,"href":"https:\/\/blog.polityka.pl\/adamczewski\/wp-json\/wp\/v2\/posts\/3247\/revisions"}],"wp:attachment":[{"href":"https:\/\/blog.polityka.pl\/adamczewski\/wp-json\/wp\/v2\/media?parent=3247"}],"wp:term":[{"taxonomy":"category","embeddable":true,"href":"https:\/\/blog.polityka.pl\/adamczewski\/wp-json\/wp\/v2\/categories?post=3247"},{"taxonomy":"post_tag","embeddable":true,"href":"https:\/\/blog.polityka.pl\/adamczewski\/wp-json\/wp\/v2\/tags?post=3247"}],"curies":[{"name":"wp","href":"https:\/\/api.w.org\/{rel}","templated":true}]}}