
{"id":3259,"date":"2011-10-25T08:00:09","date_gmt":"2011-10-25T06:00:09","guid":{"rendered":"http:\/\/adamczewski.blog.polityka.pl\/?p=3259"},"modified":"2011-10-24T22:38:30","modified_gmt":"2011-10-24T20:38:30","slug":"jeszcze-jest-slonecznie-wiec-jedziemy-na-wies","status":"publish","type":"post","link":"https:\/\/blog.polityka.pl\/adamczewski\/2011\/10\/25\/jeszcze-jest-slonecznie-wiec-jedziemy-na-wies\/","title":{"rendered":"Jeszcze jest s\u0142onecznie wi\u0119c jedziemy na wie\u015b"},"content":{"rendered":"<p>Na szcz\u0119\u015bcie jesie\u0144 nas rozpieszcza. Jest s\u0142onecznie wi\u0119c ch\u0142\u00f3d nie jest Az tak dolegliwy. A pola, \u0142\u0105ki i las wygl\u0105daj\u0105 niezwykle malowniczo. W dodatku nasz majster-hydraulik nie zd\u0105\u017cy\u0142 wy\u0142\u0105czy\u0107 wodoci\u0105gu wi\u0119c mo\u017cemy jeszcze raz sp\u0119dzi\u0107 noc na wsi.<\/p>\n<p><a href=\"\/wp-content\/uploads\/2011\/10\/Jesie\u0144-w-\u0141\u0119cinie.jpg\"><img loading=\"lazy\" decoding=\"async\" class=\"aligncenter size-medium wp-image-3260\" title=\"OLYMPUS DIGITAL CAMERA\" src=\"\/wp-content\/uploads\/2011\/10\/Jesie\u0144-w-\u0141\u0119cinie-300x225.jpg\" alt=\"\" width=\"300\" height=\"225\" srcset=\"\/adamczewski\/wp-content\/uploads\/2011\/10\/Jesie\u0144-w-\u0141\u0119cinie-300x225.jpg 300w, \/adamczewski\/wp-content\/uploads\/2011\/10\/Jesie\u0144-w-\u0141\u0119cinie.jpg 640w\" sizes=\"(max-width: 300px) 100vw, 300px\" \/><\/a><\/p>\n<p>A nasz dom w jesiennym s\u0142o\u0144cu wygl\u0105da weso\u0142o i sympatycznie. S\u00f3jki jeszcze nie wyw\u0119drowa\u0142y wi\u0119c karmnik bywa pe\u0142en ich wrzasku i \u0142opotu skrzyde\u0142, gdy przepychaj\u0105 si\u0119 do pokruszonego pieczywa.<\/p>\n<p><a href=\"\/wp-content\/uploads\/2011\/10\/Jesie\u0144-Rudolf-i-cha\u0142upa.jpg\"><img loading=\"lazy\" decoding=\"async\" class=\"aligncenter size-medium wp-image-3261\" title=\"OLYMPUS DIGITAL CAMERA\" src=\"\/wp-content\/uploads\/2011\/10\/Jesie\u0144-Rudolf-i-cha\u0142upa-300x225.jpg\" alt=\"\" width=\"300\" height=\"225\" srcset=\"\/adamczewski\/wp-content\/uploads\/2011\/10\/Jesie\u0144-Rudolf-i-cha\u0142upa-300x225.jpg 300w, \/adamczewski\/wp-content\/uploads\/2011\/10\/Jesie\u0144-Rudolf-i-cha\u0142upa.jpg 640w\" sizes=\"(max-width: 300px) 100vw, 300px\" \/><\/a><\/p>\n<p>Po drodze spotykamy lisy, kt\u00f3rych tu sporo i zmieniaj\u0105 w\u0142a\u015bnie ubarwienie futra przewiduj\u0105c chyba \u015bnie\u017cn\u0105 zim\u0119. Czasem \u015bmignie przez drog\u0119 kozio\u0142ek i jego sarenki. Ale, \u017ce przez las nie p\u0119dzimy zbyt szybko, to nie grozi nam katastrofa. Przed wieczorem, stale w tym samym miejscu za p\u0142otem, przy rowie melioracyjnym na \u0142\u0105ce przechodzi majestatycznie \u0142o\u015b z wielkimi \u0142opatami na g\u0142owie. Wygl\u0105da jak dziadek wszystkich \u0142osi w okolicy, tak\u0105 ma brod\u0119. Jest co podziwia\u0107.<br \/>\nOstatnie wizyty na wsi to tak\u017ce remanent w spi\u017carni i lod\u00f3wkach, \u017ce o winiarce nie wspomn\u0119. Ju\u017c wida\u0107 dno wszystkich szuflad. Jeszcze kilka warzywnych spring rolls\u00f3w, kt\u00f3re usma\u017cymy w g\u0142\u0119bokiej oliwie, ostatnia tacka \u015blimak\u00f3w z czosnkiem, pietruszk\u0105 i serem oraz okaza\u0142a porcja kotlecik\u00f3w jagni\u0119cych z kostk\u0105. Dobrze wi\u0119c, \u017ce nie jeste\u015bmy sami. Wnuk nam pomo\u017ce, zw\u0142aszcza \u017ce praca fizyczna doda i jemu, i mnie apetytu.<br \/>\n\u00a0Musimy \u015bci\u0105gn\u0105\u0107 z rzeki i dowie\u017a\u0107 na zim\u0119 do szopki \u0142\u00f3d\u017a\u00a0 a tak\u017ce por\u017cn\u0105\u0107 wyci\u0119te z powodu zeschni\u0119cia sosny. Gdyby le\u017ca\u0142y na dworze w ca\u0142o\u015bci drewno by zmarnia\u0142o. A tak b\u0119dzie czym pali\u0107 w &#8222;kozie&#8221; przez nast\u0119pne dwa lata.<br \/>\nAby nie by\u0142o \u017cadnych mo\u017cliwo\u015bci wykr\u0119cenia si\u0119 od tej pracy nie zabieramy laptop\u00f3w. B\u0119dziemy wi\u0119c odci\u0119ci od internetu a tym samym i od pracy za biurkiem.<br \/>\nTylko las, zwierz\u0119ta i my.<\/p>\n","protected":false},"excerpt":{"rendered":"<p>Na szcz\u0119\u015bcie jesie\u0144 nas rozpieszcza. Jest s\u0142onecznie wi\u0119c ch\u0142\u00f3d nie jest Az tak dolegliwy. A pola, \u0142\u0105ki i las wygl\u0105daj\u0105 niezwykle malowniczo. W dodatku nasz majster-hydraulik nie zd\u0105\u017cy\u0142 wy\u0142\u0105czy\u0107 wodoci\u0105gu wi\u0119c mo\u017cemy jeszcze raz sp\u0119dzi\u0107 noc na wsi. A nasz dom w jesiennym s\u0142o\u0144cu wygl\u0105da weso\u0142o i sympatycznie. S\u00f3jki jeszcze nie wyw\u0119drowa\u0142y wi\u0119c karmnik bywa [&hellip;]<\/p>\n","protected":false},"author":2,"featured_media":0,"comment_status":"open","ping_status":"open","sticky":false,"template":"","format":"standard","meta":{"footnotes":""},"categories":[1],"tags":[],"_links":{"self":[{"href":"https:\/\/blog.polityka.pl\/adamczewski\/wp-json\/wp\/v2\/posts\/3259"}],"collection":[{"href":"https:\/\/blog.polityka.pl\/adamczewski\/wp-json\/wp\/v2\/posts"}],"about":[{"href":"https:\/\/blog.polityka.pl\/adamczewski\/wp-json\/wp\/v2\/types\/post"}],"author":[{"embeddable":true,"href":"https:\/\/blog.polityka.pl\/adamczewski\/wp-json\/wp\/v2\/users\/2"}],"replies":[{"embeddable":true,"href":"https:\/\/blog.polityka.pl\/adamczewski\/wp-json\/wp\/v2\/comments?post=3259"}],"version-history":[{"count":5,"href":"https:\/\/blog.polityka.pl\/adamczewski\/wp-json\/wp\/v2\/posts\/3259\/revisions"}],"predecessor-version":[{"id":3274,"href":"https:\/\/blog.polityka.pl\/adamczewski\/wp-json\/wp\/v2\/posts\/3259\/revisions\/3274"}],"wp:attachment":[{"href":"https:\/\/blog.polityka.pl\/adamczewski\/wp-json\/wp\/v2\/media?parent=3259"}],"wp:term":[{"taxonomy":"category","embeddable":true,"href":"https:\/\/blog.polityka.pl\/adamczewski\/wp-json\/wp\/v2\/categories?post=3259"},{"taxonomy":"post_tag","embeddable":true,"href":"https:\/\/blog.polityka.pl\/adamczewski\/wp-json\/wp\/v2\/tags?post=3259"}],"curies":[{"name":"wp","href":"https:\/\/api.w.org\/{rel}","templated":true}]}}