
{"id":3268,"date":"2011-08-12T05:46:48","date_gmt":"2011-08-12T04:46:48","guid":{"rendered":"http:\/\/adamczewscy.pl\/?p=3268"},"modified":"2011-08-12T05:46:48","modified_gmt":"2011-08-12T04:46:48","slug":"poledwiczka-duszona-w-sosie-pomaranczowym","status":"publish","type":"post","link":"https:\/\/blog.polityka.pl\/adamczewski\/2011\/08\/12\/poledwiczka-duszona-w-sosie-pomaranczowym\/","title":{"rendered":"Pol\u0119dwiczka duszona w sosie pomara\u0144czowym"},"content":{"rendered":"<p><em>Du\u017ca pol\u0119dwiczka wieprzowa, \u015brednia czerwona cebula, pomara\u0144cza, 2 ga\u0142\u0105zki rozmarynu, s\u00f3l, pieprz, 3 \u0142y\u017cki oleju<\/em><\/p>\n<p>1. Pol\u0119dwiczk\u0119 pokroi\u0107 w plasterki, ka\u017cdy lekko ucisn\u0105\u0107 d\u0142oni\u0105, aby nada\u0107 im kszta\u0142t. Posypa\u0107 sol\u0105 i pieprzem oraz rozdrobnionym rozmarynem.<br \/>\n2. Na oleju obsma\u017cy\u0107 plasterki pol\u0119dwiczki, od\u0142o\u017cy\u0107.<br \/>\n3. Na pozosta\u0142ym na patelni oleju poddusi\u0107 posiekan\u0105 jak najdrobniej cebul\u0119, do kt\u00f3rej na koniec doda\u0107 \u0142y\u017ck\u0119 startej z pomara\u0144czy sk\u00f3rki oraz wyci\u015bni\u0119ty z ca\u0142ej pomara\u0144czy sok. Dusi\u0107 3 minuty.<br \/>\n4. Do sosu w\u0142o\u017cy\u0107 pol\u0119dwiczki i dusi\u0107 wszystko razem jeszcze 15 minut. <\/p>\n","protected":false},"excerpt":{"rendered":"<p>Du\u017ca pol\u0119dwiczka wieprzowa, \u015brednia czerwona cebula, pomara\u0144cza, 2 ga\u0142\u0105zki rozmarynu, s\u00f3l, pieprz, 3 \u0142y\u017cki oleju 1. Pol\u0119dwiczk\u0119 pokroi\u0107 w plasterki, ka\u017cdy lekko ucisn\u0105\u0107 d\u0142oni\u0105, aby nada\u0107 im kszta\u0142t. Posypa\u0107 sol\u0105 i pieprzem oraz rozdrobnionym rozmarynem. 2. Na oleju obsma\u017cy\u0107 plasterki pol\u0119dwiczki, od\u0142o\u017cy\u0107. 3. Na pozosta\u0142ym na patelni oleju poddusi\u0107 posiekan\u0105 jak najdrobniej cebul\u0119, do kt\u00f3rej [&hellip;]<\/p>\n","protected":false},"author":2,"featured_media":0,"comment_status":"open","ping_status":"open","sticky":false,"template":"","format":"standard","meta":{"footnotes":""},"categories":[1],"tags":[],"_links":{"self":[{"href":"https:\/\/blog.polityka.pl\/adamczewski\/wp-json\/wp\/v2\/posts\/3268"}],"collection":[{"href":"https:\/\/blog.polityka.pl\/adamczewski\/wp-json\/wp\/v2\/posts"}],"about":[{"href":"https:\/\/blog.polityka.pl\/adamczewski\/wp-json\/wp\/v2\/types\/post"}],"author":[{"embeddable":true,"href":"https:\/\/blog.polityka.pl\/adamczewski\/wp-json\/wp\/v2\/users\/2"}],"replies":[{"embeddable":true,"href":"https:\/\/blog.polityka.pl\/adamczewski\/wp-json\/wp\/v2\/comments?post=3268"}],"version-history":[{"count":0,"href":"https:\/\/blog.polityka.pl\/adamczewski\/wp-json\/wp\/v2\/posts\/3268\/revisions"}],"wp:attachment":[{"href":"https:\/\/blog.polityka.pl\/adamczewski\/wp-json\/wp\/v2\/media?parent=3268"}],"wp:term":[{"taxonomy":"category","embeddable":true,"href":"https:\/\/blog.polityka.pl\/adamczewski\/wp-json\/wp\/v2\/categories?post=3268"},{"taxonomy":"post_tag","embeddable":true,"href":"https:\/\/blog.polityka.pl\/adamczewski\/wp-json\/wp\/v2\/tags?post=3268"}],"curies":[{"name":"wp","href":"https:\/\/api.w.org\/{rel}","templated":true}]}}