
{"id":3269,"date":"2011-08-12T05:49:07","date_gmt":"2011-08-12T04:49:07","guid":{"rendered":"http:\/\/adamczewscy.pl\/?p=3269"},"modified":"2011-08-12T05:49:07","modified_gmt":"2011-08-12T04:49:07","slug":"indycze-kotlety-%e2%80%9ecaprese%e2%80%9d","status":"publish","type":"post","link":"https:\/\/blog.polityka.pl\/adamczewski\/2011\/08\/12\/indycze-kotlety-%e2%80%9ecaprese%e2%80%9d\/","title":{"rendered":"Indycze kotlety ?caprese?"},"content":{"rendered":"<p><em>4 kotlety z indyczej piersi, 2 kulki mozzarelli, 16 zielonych  oliwek bez pestek, 4 mi\u0119siste pomidory, s\u00f3l, peprz, 4 \u0142y\u017cki oliwy, 2 \u0142y\u017cki sosu pesto, 8 listk\u00f3w bazylii<\/em><\/p>\n<p>1. Kotlety umy\u0107, osuszy\u0107, uformowa\u0107 t\u0142uczkiem do mi\u0119sa, opr\u00f3szy\u0107 pieprzem i sol\u0105. Obsma\u017cy\u0107 na oliwie z ka\u017cdej strony po 2 minuty, prze\u0142o\u017cy\u0107 do \u017caroodpornego naczynia. Posmarowa\u0107 kotlety sosem pesto.<br \/>\n2. Pomidory pokroi\u0107  w plasterki, kulki mozzarelli tak\u017ce.<br \/>\n3. Na kotletach u\u0142o\u017cy\u0107 pokrojone pomidory i mozzarell\u0119, na wierzchu u\u0142o\u017cy\u0107 pokrojone oliwki.<br \/>\n4. Nagrza\u0107 piekarnik do temperatury 180\u00b0C i zapieka\u0107 kotlety10 minut. Przed podaniem posypa\u0107 porwanymi na kawa\u0142ki listkami bazylii. <\/p>\n","protected":false},"excerpt":{"rendered":"<p>4 kotlety z indyczej piersi, 2 kulki mozzarelli, 16 zielonych oliwek bez pestek, 4 mi\u0119siste pomidory, s\u00f3l, peprz, 4 \u0142y\u017cki oliwy, 2 \u0142y\u017cki sosu pesto, 8 listk\u00f3w bazylii 1. Kotlety umy\u0107, osuszy\u0107, uformowa\u0107 t\u0142uczkiem do mi\u0119sa, opr\u00f3szy\u0107 pieprzem i sol\u0105. Obsma\u017cy\u0107 na oliwie z ka\u017cdej strony po 2 minuty, prze\u0142o\u017cy\u0107 do \u017caroodpornego naczynia. Posmarowa\u0107 kotlety [&hellip;]<\/p>\n","protected":false},"author":2,"featured_media":0,"comment_status":"open","ping_status":"open","sticky":false,"template":"","format":"standard","meta":{"footnotes":""},"categories":[1],"tags":[],"_links":{"self":[{"href":"https:\/\/blog.polityka.pl\/adamczewski\/wp-json\/wp\/v2\/posts\/3269"}],"collection":[{"href":"https:\/\/blog.polityka.pl\/adamczewski\/wp-json\/wp\/v2\/posts"}],"about":[{"href":"https:\/\/blog.polityka.pl\/adamczewski\/wp-json\/wp\/v2\/types\/post"}],"author":[{"embeddable":true,"href":"https:\/\/blog.polityka.pl\/adamczewski\/wp-json\/wp\/v2\/users\/2"}],"replies":[{"embeddable":true,"href":"https:\/\/blog.polityka.pl\/adamczewski\/wp-json\/wp\/v2\/comments?post=3269"}],"version-history":[{"count":0,"href":"https:\/\/blog.polityka.pl\/adamczewski\/wp-json\/wp\/v2\/posts\/3269\/revisions"}],"wp:attachment":[{"href":"https:\/\/blog.polityka.pl\/adamczewski\/wp-json\/wp\/v2\/media?parent=3269"}],"wp:term":[{"taxonomy":"category","embeddable":true,"href":"https:\/\/blog.polityka.pl\/adamczewski\/wp-json\/wp\/v2\/categories?post=3269"},{"taxonomy":"post_tag","embeddable":true,"href":"https:\/\/blog.polityka.pl\/adamczewski\/wp-json\/wp\/v2\/tags?post=3269"}],"curies":[{"name":"wp","href":"https:\/\/api.w.org\/{rel}","templated":true}]}}