
{"id":3270,"date":"2011-08-12T05:49:51","date_gmt":"2011-08-12T04:49:51","guid":{"rendered":"http:\/\/adamczewscy.pl\/?p=3270"},"modified":"2011-08-12T05:49:51","modified_gmt":"2011-08-12T04:49:51","slug":"owoce-zapieczone","status":"publish","type":"post","link":"https:\/\/blog.polityka.pl\/adamczewski\/2011\/08\/12\/owoce-zapieczone\/","title":{"rendered":"Owoce zapieczone"},"content":{"rendered":"<p><em>4 brzoskwinie, 8 \u015bliwek, najlepiej w\u0119gierek, po szklance malin i je\u017cyn, 40 dag mascarpone, 2 \u0142y\u017cki cukru pudru, 3 \u0142y\u017cki mleka, szczypta startej sk\u00f3rki z cytryny, 2 \u0142y\u017cki cukru <\/em><\/p>\n<p>1. Brzoskwinie i \u015bliwki przekroi\u0107 na po\u0142\u00f3wki, usun\u0105\u0107 pestki, mi\u0105\u017csz pokroi\u0107 w kostk\u0119.<br \/>\n2. Dobrzoskwi\u0144 ze \u015bliwkami doda\u0107 maliny i je\u017cyny.<br \/>\n3. Do \u017caroodpornych miseczek nak\u0142ada\u0107 po porcji owoc\u00f3w.<br \/>\n4. Mascarpone wymiesza\u0107 z cukrem pudrem i start\u0105 cytrynow\u0105 sk\u00f3rk\u0105 oraz z mlekiem. Uzyskany krem ponak\u0142ada\u0107 na owoce, posypa\u0107 cukrem.<br \/>\n5. W nagrzanym do180\u00b0C piekarniku zapieka\u0107 owoce 20 minut: cukier na wierzchu powinien si\u0119 lekko zrumieni\u0107. <\/p>\n","protected":false},"excerpt":{"rendered":"<p>4 brzoskwinie, 8 \u015bliwek, najlepiej w\u0119gierek, po szklance malin i je\u017cyn, 40 dag mascarpone, 2 \u0142y\u017cki cukru pudru, 3 \u0142y\u017cki mleka, szczypta startej sk\u00f3rki z cytryny, 2 \u0142y\u017cki cukru 1. Brzoskwinie i \u015bliwki przekroi\u0107 na po\u0142\u00f3wki, usun\u0105\u0107 pestki, mi\u0105\u017csz pokroi\u0107 w kostk\u0119. 2. Dobrzoskwi\u0144 ze \u015bliwkami doda\u0107 maliny i je\u017cyny. 3. Do \u017caroodpornych miseczek nak\u0142ada\u0107 [&hellip;]<\/p>\n","protected":false},"author":2,"featured_media":0,"comment_status":"open","ping_status":"open","sticky":false,"template":"","format":"standard","meta":{"footnotes":""},"categories":[1],"tags":[],"_links":{"self":[{"href":"https:\/\/blog.polityka.pl\/adamczewski\/wp-json\/wp\/v2\/posts\/3270"}],"collection":[{"href":"https:\/\/blog.polityka.pl\/adamczewski\/wp-json\/wp\/v2\/posts"}],"about":[{"href":"https:\/\/blog.polityka.pl\/adamczewski\/wp-json\/wp\/v2\/types\/post"}],"author":[{"embeddable":true,"href":"https:\/\/blog.polityka.pl\/adamczewski\/wp-json\/wp\/v2\/users\/2"}],"replies":[{"embeddable":true,"href":"https:\/\/blog.polityka.pl\/adamczewski\/wp-json\/wp\/v2\/comments?post=3270"}],"version-history":[{"count":0,"href":"https:\/\/blog.polityka.pl\/adamczewski\/wp-json\/wp\/v2\/posts\/3270\/revisions"}],"wp:attachment":[{"href":"https:\/\/blog.polityka.pl\/adamczewski\/wp-json\/wp\/v2\/media?parent=3270"}],"wp:term":[{"taxonomy":"category","embeddable":true,"href":"https:\/\/blog.polityka.pl\/adamczewski\/wp-json\/wp\/v2\/categories?post=3270"},{"taxonomy":"post_tag","embeddable":true,"href":"https:\/\/blog.polityka.pl\/adamczewski\/wp-json\/wp\/v2\/tags?post=3270"}],"curies":[{"name":"wp","href":"https:\/\/api.w.org\/{rel}","templated":true}]}}