
{"id":3271,"date":"2011-08-12T05:50:32","date_gmt":"2011-08-12T04:50:32","guid":{"rendered":"http:\/\/adamczewscy.pl\/?p=3271"},"modified":"2011-08-12T05:50:32","modified_gmt":"2011-08-12T04:50:32","slug":"krem-z-pomidorkow-koktajlowych","status":"publish","type":"post","link":"https:\/\/blog.polityka.pl\/adamczewski\/2011\/08\/12\/krem-z-pomidorkow-koktajlowych\/","title":{"rendered":"Krem z pomidork\u00f3w koktajlowych"},"content":{"rendered":"<p><em>50 dag pomidork\u00f3w koktajlowych, s\u00f3l, p\u00f3\u0142 \u0142y\u017ceczki listk\u00f3w \u015bwie\u017cego tymianku, 2 \u0142y\u017cki oliwy, dymka, marchew, \u015brednia cebula, \u0142y\u017cka mas\u0142a, \u0142y\u017cka cukru, \u0142y\u017cka koncentratu pomidorowego, 3 szklanki bulionu warzywnego z kostki, 3 \u0142y\u017cki \u015bmietany, szklanka jogurtu greckiego, szczypta ostrej mielonej papryki<\/em><\/p>\n<p>1. Pomidorki po umyciu i osuszeniu poprzekrawa\u0107 na po\u0142\u00f3wki, u\u0142o\u017cy\u0107 w \u017caroodpornym naczyniu, posypa\u0107 sol\u0105, posiekanym tymiankiem, skropi\u0107 oliw\u0105. W piekarniku nagrzanym do 180\u00b0C piec 20 minut.<br \/>\n2. Posieka\u0107 dymk\u0119, cebul\u0119, pokroi\u0107 marchew w cienkie plasterki, poddusi\u0107 warzywa na ma\u015ble, doda\u0107 cukier i chwil\u0119 sma\u017cy\u0107. Doda\u0107 koncentrat pomidorowy i upieczone pomidorki, doda\u0107 bulion, gotowa\u0107 wszystko razem 20 minut, po czym zmiksowa\u0107 i przetrze\u0107 przez sito.<br \/>\n3. Do zmiksowanej zupy doda\u0107 \u015bmietan\u0119, s\u00f3l i ostr\u0105 papryk\u0119.<br \/>\n4. Podawa\u0107 zup\u0119 ?krem  w bulion\u00f3wkach, wierzch przybra\u0107 \u0142y\u017ck\u0105 jogurtu. <\/p>\n","protected":false},"excerpt":{"rendered":"<p>50 dag pomidork\u00f3w koktajlowych, s\u00f3l, p\u00f3\u0142 \u0142y\u017ceczki listk\u00f3w \u015bwie\u017cego tymianku, 2 \u0142y\u017cki oliwy, dymka, marchew, \u015brednia cebula, \u0142y\u017cka mas\u0142a, \u0142y\u017cka cukru, \u0142y\u017cka koncentratu pomidorowego, 3 szklanki bulionu warzywnego z kostki, 3 \u0142y\u017cki \u015bmietany, szklanka jogurtu greckiego, szczypta ostrej mielonej papryki 1. Pomidorki po umyciu i osuszeniu poprzekrawa\u0107 na po\u0142\u00f3wki, u\u0142o\u017cy\u0107 w \u017caroodpornym naczyniu, posypa\u0107 sol\u0105, [&hellip;]<\/p>\n","protected":false},"author":2,"featured_media":0,"comment_status":"open","ping_status":"open","sticky":false,"template":"","format":"standard","meta":{"footnotes":""},"categories":[1],"tags":[],"_links":{"self":[{"href":"https:\/\/blog.polityka.pl\/adamczewski\/wp-json\/wp\/v2\/posts\/3271"}],"collection":[{"href":"https:\/\/blog.polityka.pl\/adamczewski\/wp-json\/wp\/v2\/posts"}],"about":[{"href":"https:\/\/blog.polityka.pl\/adamczewski\/wp-json\/wp\/v2\/types\/post"}],"author":[{"embeddable":true,"href":"https:\/\/blog.polityka.pl\/adamczewski\/wp-json\/wp\/v2\/users\/2"}],"replies":[{"embeddable":true,"href":"https:\/\/blog.polityka.pl\/adamczewski\/wp-json\/wp\/v2\/comments?post=3271"}],"version-history":[{"count":0,"href":"https:\/\/blog.polityka.pl\/adamczewski\/wp-json\/wp\/v2\/posts\/3271\/revisions"}],"wp:attachment":[{"href":"https:\/\/blog.polityka.pl\/adamczewski\/wp-json\/wp\/v2\/media?parent=3271"}],"wp:term":[{"taxonomy":"category","embeddable":true,"href":"https:\/\/blog.polityka.pl\/adamczewski\/wp-json\/wp\/v2\/categories?post=3271"},{"taxonomy":"post_tag","embeddable":true,"href":"https:\/\/blog.polityka.pl\/adamczewski\/wp-json\/wp\/v2\/tags?post=3271"}],"curies":[{"name":"wp","href":"https:\/\/api.w.org\/{rel}","templated":true}]}}