
{"id":3288,"date":"2011-09-02T05:38:42","date_gmt":"2011-09-02T04:38:42","guid":{"rendered":"http:\/\/adamczewscy.pl\/?p=3288"},"modified":"2011-09-02T05:38:42","modified_gmt":"2011-09-02T04:38:42","slug":"orzo-ze-szpinakiem","status":"publish","type":"post","link":"https:\/\/blog.polityka.pl\/adamczewski\/2011\/09\/02\/orzo-ze-szpinakiem\/","title":{"rendered":"Orzo ze szpinakiem"},"content":{"rendered":"<p><em>50 dag makaronu orzo (kszta\u0142cie ziarenek ry\u017cu), 70-80 dag \u015bwie\u017cego szpinaku, 20 dag fety, 5 z\u0105bk\u00f3w czosnku, 3 \u0142y\u017cki \u015bmietany 18-proc., s\u00f3l, pieprz, 2 \u0142y\u017cki oliwy z oliwek<\/em><\/p>\n<p>1. Szpinak oczy\u015bci\u0107, umy\u0107, grubo posieka\u0107.<br \/>\n2. Ugotowa\u0107 makaron, odcedzi\u0107.<br \/>\n2. Na patelni rozgrza\u0107 oliw\u0119, wrzuci\u0107 pokrojony w talarki czosnek,  po chwili doda\u0107 szpinak i pod pokrywk\u0105, dusi\u0107 2 minuty. Odkry\u0107 szpinak i gotowa\u0107, a\u017c odparuje p\u0142yn.<br \/>\n3. Pokroi\u0107 w kostk\u0119 fet\u0119, doda\u0107 do szpinaku, wla\u0107 \u015bmietan\u0119, doprawi\u0107 sol\u0105 i pieprzem, dusi\u0107 jeszcze kilka minut.<br \/>\n4. Po\u0142\u0105czy\u0107 szpinak z makaronem, dok\u0142adnie wymiesza\u0107. <\/p>\n","protected":false},"excerpt":{"rendered":"<p>50 dag makaronu orzo (kszta\u0142cie ziarenek ry\u017cu), 70-80 dag \u015bwie\u017cego szpinaku, 20 dag fety, 5 z\u0105bk\u00f3w czosnku, 3 \u0142y\u017cki \u015bmietany 18-proc., s\u00f3l, pieprz, 2 \u0142y\u017cki oliwy z oliwek 1. Szpinak oczy\u015bci\u0107, umy\u0107, grubo posieka\u0107. 2. Ugotowa\u0107 makaron, odcedzi\u0107. 2. Na patelni rozgrza\u0107 oliw\u0119, wrzuci\u0107 pokrojony w talarki czosnek, po chwili doda\u0107 szpinak i pod pokrywk\u0105, [&hellip;]<\/p>\n","protected":false},"author":2,"featured_media":0,"comment_status":"open","ping_status":"open","sticky":false,"template":"","format":"standard","meta":{"footnotes":""},"categories":[1],"tags":[],"_links":{"self":[{"href":"https:\/\/blog.polityka.pl\/adamczewski\/wp-json\/wp\/v2\/posts\/3288"}],"collection":[{"href":"https:\/\/blog.polityka.pl\/adamczewski\/wp-json\/wp\/v2\/posts"}],"about":[{"href":"https:\/\/blog.polityka.pl\/adamczewski\/wp-json\/wp\/v2\/types\/post"}],"author":[{"embeddable":true,"href":"https:\/\/blog.polityka.pl\/adamczewski\/wp-json\/wp\/v2\/users\/2"}],"replies":[{"embeddable":true,"href":"https:\/\/blog.polityka.pl\/adamczewski\/wp-json\/wp\/v2\/comments?post=3288"}],"version-history":[{"count":0,"href":"https:\/\/blog.polityka.pl\/adamczewski\/wp-json\/wp\/v2\/posts\/3288\/revisions"}],"wp:attachment":[{"href":"https:\/\/blog.polityka.pl\/adamczewski\/wp-json\/wp\/v2\/media?parent=3288"}],"wp:term":[{"taxonomy":"category","embeddable":true,"href":"https:\/\/blog.polityka.pl\/adamczewski\/wp-json\/wp\/v2\/categories?post=3288"},{"taxonomy":"post_tag","embeddable":true,"href":"https:\/\/blog.polityka.pl\/adamczewski\/wp-json\/wp\/v2\/tags?post=3288"}],"curies":[{"name":"wp","href":"https:\/\/api.w.org\/{rel}","templated":true}]}}