
{"id":3292,"date":"2011-11-02T08:00:00","date_gmt":"2011-11-02T06:00:00","guid":{"rendered":"http:\/\/adamczewski.blog.polityka.pl\/?p=3292"},"modified":"2011-11-30T14:18:40","modified_gmt":"2011-11-30T13:18:40","slug":"zgadnij-co-gotujemy-88","status":"publish","type":"post","link":"https:\/\/blog.polityka.pl\/adamczewski\/2011\/11\/02\/zgadnij-co-gotujemy-88\/","title":{"rendered":"Zgadnij co gotujemy?"},"content":{"rendered":"<p><strong> <\/strong><\/p>\n<p><a href=\"\/wp-content\/uploads\/2011\/10\/Mysliwski_kamien-na-kamieniu.jpg\"><img loading=\"lazy\" decoding=\"async\" class=\"aligncenter size-medium wp-image-3293\" title=\"Mysliwski_kamien na kamieniu\" src=\"\/wp-content\/uploads\/2011\/10\/Mysliwski_kamien-na-kamieniu-203x300.jpg\" alt=\"\" width=\"203\" height=\"300\" \/><\/a><\/p>\n<p>Dzi\u015b nagrod\u0105 b\u0119dzie ksi\u0105\u017cka Wies\u0142awa My\u015bliwskiego &#8222;Kamie\u0144 na kamieniu&#8221;. Ksi\u0105\u017ck\u0119 wydano w serii Biblioteka &#8222;Polityki&#8221;. Autor jest laureatem nagrody Nike i\u00a0&#8211; s\u0105dz\u0105c z wypowiedzi na blogu\u00a0&#8211; ceniony i lubiany. Warto o t\u0119 ksi\u0105\u017ck\u0119 powalczy\u0107. A oto pytania:<\/p>\n<p>1.Z jakiego regionu pochodzi chleb borowiacki, kt\u00f3rym podczas tzw. potopu polscy obro\u0144cy pewnego miasteczka rzucali w Szwed\u00f3w a\u017c ci odst\u0105pili od obl\u0119\u017cenia?<\/p>\n<p>2. Co to za danie kr\u0119\u017co\u0142ki krzeszowskie?<\/p>\n<p>3 . Sk\u0105d i kiedy trafi\u0142 do Polski chrzan?<\/p>\n<p>Kto pierwszy przy\u015ble prawid\u0142owe odpowiedzi na adres <a href=\"mailto:internet@polityka.com.pl\">internet@polityka.com.pl<\/a> ten otrzyma ksi\u0105\u017ck\u0119. Powodzenia.<\/p>\n","protected":false},"excerpt":{"rendered":"<p>Dzi\u015b nagrod\u0105 b\u0119dzie ksi\u0105\u017cka Wies\u0142awa My\u015bliwskiego &#8222;Kamie\u0144 na kamieniu&#8221;. Ksi\u0105\u017ck\u0119 wydano w serii Biblioteka &#8222;Polityki&#8221;. Autor jest laureatem nagrody Nike i\u00a0&#8211; s\u0105dz\u0105c z wypowiedzi na blogu\u00a0&#8211; ceniony i lubiany. Warto o t\u0119 ksi\u0105\u017ck\u0119 powalczy\u0107. A oto pytania: 1.Z jakiego regionu pochodzi chleb borowiacki, kt\u00f3rym podczas tzw. potopu polscy obro\u0144cy pewnego miasteczka rzucali w Szwed\u00f3w a\u017c [&hellip;]<\/p>\n","protected":false},"author":2,"featured_media":0,"comment_status":"open","ping_status":"open","sticky":false,"template":"","format":"standard","meta":{"footnotes":""},"categories":[1],"tags":[],"_links":{"self":[{"href":"https:\/\/blog.polityka.pl\/adamczewski\/wp-json\/wp\/v2\/posts\/3292"}],"collection":[{"href":"https:\/\/blog.polityka.pl\/adamczewski\/wp-json\/wp\/v2\/posts"}],"about":[{"href":"https:\/\/blog.polityka.pl\/adamczewski\/wp-json\/wp\/v2\/types\/post"}],"author":[{"embeddable":true,"href":"https:\/\/blog.polityka.pl\/adamczewski\/wp-json\/wp\/v2\/users\/2"}],"replies":[{"embeddable":true,"href":"https:\/\/blog.polityka.pl\/adamczewski\/wp-json\/wp\/v2\/comments?post=3292"}],"version-history":[{"count":3,"href":"https:\/\/blog.polityka.pl\/adamczewski\/wp-json\/wp\/v2\/posts\/3292\/revisions"}],"predecessor-version":[{"id":3520,"href":"https:\/\/blog.polityka.pl\/adamczewski\/wp-json\/wp\/v2\/posts\/3292\/revisions\/3520"}],"wp:attachment":[{"href":"https:\/\/blog.polityka.pl\/adamczewski\/wp-json\/wp\/v2\/media?parent=3292"}],"wp:term":[{"taxonomy":"category","embeddable":true,"href":"https:\/\/blog.polityka.pl\/adamczewski\/wp-json\/wp\/v2\/categories?post=3292"},{"taxonomy":"post_tag","embeddable":true,"href":"https:\/\/blog.polityka.pl\/adamczewski\/wp-json\/wp\/v2\/tags?post=3292"}],"curies":[{"name":"wp","href":"https:\/\/api.w.org\/{rel}","templated":true}]}}