
{"id":3343,"date":"2011-11-09T08:00:15","date_gmt":"2011-11-09T07:00:15","guid":{"rendered":"http:\/\/adamczewski.blog.polityka.pl\/?p=3343"},"modified":"2011-11-30T14:19:13","modified_gmt":"2011-11-30T13:19:13","slug":"zgadnij-co-gotujemy-89","status":"publish","type":"post","link":"https:\/\/blog.polityka.pl\/adamczewski\/2011\/11\/09\/zgadnij-co-gotujemy-89\/","title":{"rendered":"Zgadnij co gotujemy?"},"content":{"rendered":"<p><a href=\"\/wp-content\/uploads\/2011\/11\/blog-Lapanowski.jpg\"><img loading=\"lazy\" decoding=\"async\" class=\"aligncenter size-medium wp-image-3344\" title=\"blog Lapanowski\" src=\"\/wp-content\/uploads\/2011\/11\/blog-Lapanowski-208x300.jpg\" alt=\"\" width=\"208\" height=\"300\" \/><\/a><\/p>\n<p>Dzi\u015b nagrod\u0105 b\u0119dzie ksi\u0105\u017cka Grzesia \u0141apanowskiego ?Smakuje?. Pisa\u0142em o niej par\u0119 dni temu i bardzo chwali\u0142em. Warto o ni\u0105 powalczy\u0107, bo ma fajne przepisy a autor zna si\u0119 na gotowaniu jak ma\u0142o kto. A oto pytania:<br \/>\n1. Co to jest p\u00f3\u0142g\u0119sek ?<br \/>\n2.\u00a0 Najs\u0142ynniejsze ( a w\u0142a\u015bciwie najmodniejsze z powodu jajek) polskie kury to??<br \/>\n3 . Co jest spirulina ?<br \/>\nKto pierwszy przy\u015ble prawid\u0142owe odpowiedzi na adres <a href=\"mailto:internet@polityka.com.pl\">internet@polityka.com.pl<\/a> ten otrzyma ksi\u0105\u017ck\u0119. Powodzenia.<\/p>\n","protected":false},"excerpt":{"rendered":"<p>Dzi\u015b nagrod\u0105 b\u0119dzie ksi\u0105\u017cka Grzesia \u0141apanowskiego ?Smakuje?. Pisa\u0142em o niej par\u0119 dni temu i bardzo chwali\u0142em. Warto o ni\u0105 powalczy\u0107, bo ma fajne przepisy a autor zna si\u0119 na gotowaniu jak ma\u0142o kto. A oto pytania: 1. Co to jest p\u00f3\u0142g\u0119sek ? 2.\u00a0 Najs\u0142ynniejsze ( a w\u0142a\u015bciwie najmodniejsze z powodu jajek) polskie kury to?? 3 [&hellip;]<\/p>\n","protected":false},"author":2,"featured_media":0,"comment_status":"open","ping_status":"open","sticky":false,"template":"","format":"standard","meta":{"footnotes":""},"categories":[1],"tags":[],"_links":{"self":[{"href":"https:\/\/blog.polityka.pl\/adamczewski\/wp-json\/wp\/v2\/posts\/3343"}],"collection":[{"href":"https:\/\/blog.polityka.pl\/adamczewski\/wp-json\/wp\/v2\/posts"}],"about":[{"href":"https:\/\/blog.polityka.pl\/adamczewski\/wp-json\/wp\/v2\/types\/post"}],"author":[{"embeddable":true,"href":"https:\/\/blog.polityka.pl\/adamczewski\/wp-json\/wp\/v2\/users\/2"}],"replies":[{"embeddable":true,"href":"https:\/\/blog.polityka.pl\/adamczewski\/wp-json\/wp\/v2\/comments?post=3343"}],"version-history":[{"count":2,"href":"https:\/\/blog.polityka.pl\/adamczewski\/wp-json\/wp\/v2\/posts\/3343\/revisions"}],"predecessor-version":[{"id":3521,"href":"https:\/\/blog.polityka.pl\/adamczewski\/wp-json\/wp\/v2\/posts\/3343\/revisions\/3521"}],"wp:attachment":[{"href":"https:\/\/blog.polityka.pl\/adamczewski\/wp-json\/wp\/v2\/media?parent=3343"}],"wp:term":[{"taxonomy":"category","embeddable":true,"href":"https:\/\/blog.polityka.pl\/adamczewski\/wp-json\/wp\/v2\/categories?post=3343"},{"taxonomy":"post_tag","embeddable":true,"href":"https:\/\/blog.polityka.pl\/adamczewski\/wp-json\/wp\/v2\/tags?post=3343"}],"curies":[{"name":"wp","href":"https:\/\/api.w.org\/{rel}","templated":true}]}}