
{"id":335,"date":"2007-10-03T12:00:05","date_gmt":"2007-10-03T10:00:05","guid":{"rendered":"http:\/\/adamczewski.blog.polityka.pl\/?p=335"},"modified":"2007-10-05T15:29:07","modified_gmt":"2007-10-05T13:29:07","slug":"zgadnij-co-gotujemy-60","status":"publish","type":"post","link":"https:\/\/blog.polityka.pl\/adamczewski\/2007\/10\/03\/zgadnij-co-gotujemy-60\/","title":{"rendered":"Zgadnij co gotujemy (60)"},"content":{"rendered":"<p>Ani si\u0119 cz\u0142ek obejrzy, a tu stukn\u0119\u0142a sze\u015b\u0107dziesi\u0105tka. Z okazji jubileuszu nagrod\u0105 b\u0119dzie \u015bwie\u017cutka ksi\u0105\u017cka autorki spoza tandemu Adamczewskich. Wprawdzie du\u017co m\u0142odsza, ale za to dobrze si\u0119 zapowiada i\u00a0&#8211; tak jak my\u00a0&#8211; pracuje w ma\u0142\u017ce\u0144skim zespole. Nowy \u015awiat wyda\u0142 ostatnio ksi\u0105\u017ck\u0119 Agaty Passent i Wojtka Wieteski &#8222;Przystanek Warszawa&#8221;. To bardzo osobisty portret miasta obydwojga m\u0142odych autor\u00f3w. A \u017ce Agata pisuje tak\u017ce du\u017co o jedzeniu i knajpkach, to doskonale pasuje do blogu &#8222;Gotuj si\u0119!&#8221;.<\/p>\n<p><!--more-->\u00a0<\/p>\n<p>Aby wej\u015b\u0107 w\u00a0 posiadanie ksi\u0105\u017cki, trzeba odpowiedzie\u0107 na trzy pytania i przes\u0142a\u0107 je na adres <a href=\"mailto:internet@polityka.com.pl\"><strong>internet@polityka.com.pl<\/strong><\/a><br \/>\n\u00a0<\/p>\n<p><strong>Oto pytania<\/strong>:<\/p>\n<p><strong>1<\/strong>. Jak si\u0119 nazywa\u0142a warszawska knajpa, w kt\u00f3rej urz\u0119dowali bohaterowie Wiecha?<\/p>\n<p><strong>2<\/strong>. Pierwsza sto\u0142eczna restauracja chi\u0144ska dzia\u0142aj\u0105ca od wczesnych lat PRL to&#8230;?<\/p>\n<p><strong>3<\/strong>. S\u0142ynny kabaret Edwarda Dziewo\u0144skiego\u00a0&#8211; Dudek\u00a0urz\u0119dowa\u0142 w \u015br\u00f3dmiejskiej kawiarni nazywaj\u0105cej si\u0119&#8230;?<\/p>\n<p>Pytania trudne (zw\u0142aszcza dla najm\u0142odszych blogowicz\u00f3w i tych spoza Warszawy), ale nie beznadziejnie trudne. Czekam wi\u0119c na odpowiedzi. I jak zwykle\u00a0&#8211; kto pierwszy ten lepszy.<\/p>\n","protected":false},"excerpt":{"rendered":"<p>Ani si\u0119 cz\u0142ek obejrzy, a tu stukn\u0119\u0142a sze\u015b\u0107dziesi\u0105tka. Z okazji jubileuszu nagrod\u0105 b\u0119dzie \u015bwie\u017cutka ksi\u0105\u017cka autorki spoza tandemu Adamczewskich. Wprawdzie du\u017co m\u0142odsza, ale za to dobrze si\u0119 zapowiada i\u00a0&#8211; tak jak my\u00a0&#8211; pracuje w ma\u0142\u017ce\u0144skim zespole. Nowy \u015awiat wyda\u0142 ostatnio ksi\u0105\u017ck\u0119 Agaty Passent i Wojtka Wieteski &#8222;Przystanek Warszawa&#8221;. To bardzo osobisty portret miasta obydwojga m\u0142odych [&hellip;]<\/p>\n","protected":false},"author":2,"featured_media":0,"comment_status":"open","ping_status":"open","sticky":false,"template":"","format":"standard","meta":{"footnotes":""},"categories":[1],"tags":[],"_links":{"self":[{"href":"https:\/\/blog.polityka.pl\/adamczewski\/wp-json\/wp\/v2\/posts\/335"}],"collection":[{"href":"https:\/\/blog.polityka.pl\/adamczewski\/wp-json\/wp\/v2\/posts"}],"about":[{"href":"https:\/\/blog.polityka.pl\/adamczewski\/wp-json\/wp\/v2\/types\/post"}],"author":[{"embeddable":true,"href":"https:\/\/blog.polityka.pl\/adamczewski\/wp-json\/wp\/v2\/users\/2"}],"replies":[{"embeddable":true,"href":"https:\/\/blog.polityka.pl\/adamczewski\/wp-json\/wp\/v2\/comments?post=335"}],"version-history":[{"count":0,"href":"https:\/\/blog.polityka.pl\/adamczewski\/wp-json\/wp\/v2\/posts\/335\/revisions"}],"wp:attachment":[{"href":"https:\/\/blog.polityka.pl\/adamczewski\/wp-json\/wp\/v2\/media?parent=335"}],"wp:term":[{"taxonomy":"category","embeddable":true,"href":"https:\/\/blog.polityka.pl\/adamczewski\/wp-json\/wp\/v2\/categories?post=335"},{"taxonomy":"post_tag","embeddable":true,"href":"https:\/\/blog.polityka.pl\/adamczewski\/wp-json\/wp\/v2\/tags?post=335"}],"curies":[{"name":"wp","href":"https:\/\/api.w.org\/{rel}","templated":true}]}}