
{"id":3372,"date":"2011-11-16T08:00:44","date_gmt":"2011-11-16T07:00:44","guid":{"rendered":"http:\/\/adamczewski.blog.polityka.pl\/?p=3372"},"modified":"2011-11-30T14:19:33","modified_gmt":"2011-11-30T13:19:33","slug":"zgadnij-co-gotujemy-90","status":"publish","type":"post","link":"https:\/\/blog.polityka.pl\/adamczewski\/2011\/11\/16\/zgadnij-co-gotujemy-90\/","title":{"rendered":"Zgadnij co gotujemy?"},"content":{"rendered":"<p>W g\u0142\u0119bi redakcyjne szuflady znalaz\u0142em jeszcze jeden egzemplarz ksi\u0105\u017cki naszej m\u0142odej blogowej kole\u017canki\u00a0&#8211; Blondyny. Ta ksi\u0105\u017cka cieszy\u0142a si\u0119 du\u017cym wzi\u0119ciem i na blogu, i na niedawnych krakowskich Targach Ksi\u0105\u017cki. My\u015bl\u0119 wi\u0119c, \u017ce ch\u0119tnie o ni\u0105 powalczycie w quizie. Warto j\u0105 mie\u0107 w biblioteczce i czyta\u0107 w smutne dni, bo podtrzymuje ona czytelnika na duchu i dodaje energii do dzia\u0142ania. Aby ksi\u0105\u017ck\u0119 otrzyma\u0107 trzeba jak zwykle szybko odpowiedzie\u0107 na trzy pytania:<\/p>\n<p>1. Jakiej rasy jest bliski przyjaciel i pomocnik autorki a nosi on imi\u0119 Igor ?<\/p>\n<p>2. W\u0142oska polenta ma sw\u00f3j polski odpowiednik (znany g\u0142\u00f3wnie na wschodnim pograniczu) jak on si\u0119 nazywa?<\/p>\n<p>3 .Czym si\u0119 r\u00f3\u017cni\u0105 par\u00f3wki od serdelk\u00f3w?<\/p>\n<p>Kto pierwszy przy\u015ble prawid\u0142owe odpowiedzi na adres <a href=\"mailto:internet@polityka.com.pl\">internet@polityka.com.pl<\/a> ten otrzyma ksi\u0105\u017ck\u0119. Powodzenia.<\/p>\n","protected":false},"excerpt":{"rendered":"<p>W g\u0142\u0119bi redakcyjne szuflady znalaz\u0142em jeszcze jeden egzemplarz ksi\u0105\u017cki naszej m\u0142odej blogowej kole\u017canki\u00a0&#8211; Blondyny. Ta ksi\u0105\u017cka cieszy\u0142a si\u0119 du\u017cym wzi\u0119ciem i na blogu, i na niedawnych krakowskich Targach Ksi\u0105\u017cki. My\u015bl\u0119 wi\u0119c, \u017ce ch\u0119tnie o ni\u0105 powalczycie w quizie. Warto j\u0105 mie\u0107 w biblioteczce i czyta\u0107 w smutne dni, bo podtrzymuje ona czytelnika na duchu i [&hellip;]<\/p>\n","protected":false},"author":2,"featured_media":0,"comment_status":"open","ping_status":"open","sticky":false,"template":"","format":"standard","meta":{"footnotes":""},"categories":[1],"tags":[],"_links":{"self":[{"href":"https:\/\/blog.polityka.pl\/adamczewski\/wp-json\/wp\/v2\/posts\/3372"}],"collection":[{"href":"https:\/\/blog.polityka.pl\/adamczewski\/wp-json\/wp\/v2\/posts"}],"about":[{"href":"https:\/\/blog.polityka.pl\/adamczewski\/wp-json\/wp\/v2\/types\/post"}],"author":[{"embeddable":true,"href":"https:\/\/blog.polityka.pl\/adamczewski\/wp-json\/wp\/v2\/users\/2"}],"replies":[{"embeddable":true,"href":"https:\/\/blog.polityka.pl\/adamczewski\/wp-json\/wp\/v2\/comments?post=3372"}],"version-history":[{"count":4,"href":"https:\/\/blog.polityka.pl\/adamczewski\/wp-json\/wp\/v2\/posts\/3372\/revisions"}],"predecessor-version":[{"id":3522,"href":"https:\/\/blog.polityka.pl\/adamczewski\/wp-json\/wp\/v2\/posts\/3372\/revisions\/3522"}],"wp:attachment":[{"href":"https:\/\/blog.polityka.pl\/adamczewski\/wp-json\/wp\/v2\/media?parent=3372"}],"wp:term":[{"taxonomy":"category","embeddable":true,"href":"https:\/\/blog.polityka.pl\/adamczewski\/wp-json\/wp\/v2\/categories?post=3372"},{"taxonomy":"post_tag","embeddable":true,"href":"https:\/\/blog.polityka.pl\/adamczewski\/wp-json\/wp\/v2\/tags?post=3372"}],"curies":[{"name":"wp","href":"https:\/\/api.w.org\/{rel}","templated":true}]}}