
{"id":34,"date":"2006-09-13T09:58:59","date_gmt":"2006-09-13T07:58:59","guid":{"rendered":"http:\/\/adamczewski.blog.polityka.pl\/?p=34"},"modified":"2006-09-13T10:00:14","modified_gmt":"2006-09-13T08:00:14","slug":"zgadnij-co-gotujemy-5","status":"publish","type":"post","link":"https:\/\/blog.polityka.pl\/adamczewski\/2006\/09\/13\/zgadnij-co-gotujemy-5\/","title":{"rendered":"Zgadnij co gotujemy? (5)"},"content":{"rendered":"<p>Po powrocie nadrabiam zaleg\u0142o\u015bci. Sprawdzi\u0142em (dok\u0142adnie, bo maile maj\u0105 precyzyjne daty i godziny nadania) odpowiedzi na poprzednie zagadki i ucieszy\u0142em si\u0119, \u017ce a\u017c tylu jest amator\u00f3w zabawy. Jako pierwsi nades\u0142ali prawid\u0142owe odpowiedzi na kolejne quizy dwaj panowie: Zbigniew Ciastek i Tomasz Tyc. Wysy\u0142am im wi\u0119c z dedykacj\u0105 i autografem ksi\u0105\u017cki wydane przez Wydawnictwo Pr\u00f3szy\u0144ski i S-ka\u00a0&#8211; &#8222;M\u0119skie gotowanie&#8221; oraz &#8222;Wielk\u0105 ksi\u0119g\u0119 drink\u00f3w i koktajli&#8221;. Smacznej lektury.<\/p>\n<p>A teraz kolejne trzy pytania. Tym razem nagrod\u0105 b\u0119dzie ksi\u0105\u017cka z autografem autorki &#8222;Kuchnia babci i wnuczki&#8221;, wydana przez Nowy \u015awiat.<\/p>\n<p><strong>Caciocavallo<\/strong> to:<br \/>\n\u00a0\u00a0<strong>a<\/strong>) oficer zaopatrzeniowy w\u0142oskiej konnicy;<br \/>\n\u00a0\u00a0<strong>b<\/strong>) ser w\u0119dzony w kszta\u0142cie wielkiej gruszki;<br \/>\n\u00a0\u00a0<strong>c<\/strong>) nap\u00f3j z kobylego mleka.<\/p>\n<p><strong>Mi\u0119tus<\/strong> to:<br \/>\n\u00a0\u00a0<strong>a<\/strong>) ryba rzeczna z rodziny dorszy;<br \/>\n\u00a0\u00a0<strong>b<\/strong>) du\u017cy cukierek o smaku mi\u0119towym;<br \/>\n\u00a0\u00a0<strong>c<\/strong>) najpopularniejszy sos angielski do mi\u0119s.<\/p>\n<p><strong>Zarzuela<\/strong> to:<br \/>\n<strong>\u00a0\u00a0a<\/strong>) s\u0142ynna kaszubska kucharka;<br \/>\n<strong>\u00a0\u00a0b<\/strong>) katalo\u0144ska zupa z ryb, owoc\u00f3w morza i warzyw;<br \/>\n<strong>\u00a0\u00a0c<\/strong>) litewska w\u00f3dka.<br \/>\n\u00a0<br \/>\n\u00a0<br \/>\nCzekam na odpowiedzi pod adresem <a href=\"mailto:internet@polityka.com.pl\"><strong>internet@polityka.com.pl<\/strong><\/a><\/p>\n","protected":false},"excerpt":{"rendered":"<p>Po powrocie nadrabiam zaleg\u0142o\u015bci. Sprawdzi\u0142em (dok\u0142adnie, bo maile maj\u0105 precyzyjne daty i godziny nadania) odpowiedzi na poprzednie zagadki i ucieszy\u0142em si\u0119, \u017ce a\u017c tylu jest amator\u00f3w zabawy. Jako pierwsi nades\u0142ali prawid\u0142owe odpowiedzi na kolejne quizy dwaj panowie: Zbigniew Ciastek i Tomasz Tyc. Wysy\u0142am im wi\u0119c z dedykacj\u0105 i autografem ksi\u0105\u017cki wydane przez Wydawnictwo Pr\u00f3szy\u0144ski i [&hellip;]<\/p>\n","protected":false},"author":2,"featured_media":0,"comment_status":"open","ping_status":"open","sticky":false,"template":"","format":"standard","meta":{"footnotes":""},"categories":[1],"tags":[],"_links":{"self":[{"href":"https:\/\/blog.polityka.pl\/adamczewski\/wp-json\/wp\/v2\/posts\/34"}],"collection":[{"href":"https:\/\/blog.polityka.pl\/adamczewski\/wp-json\/wp\/v2\/posts"}],"about":[{"href":"https:\/\/blog.polityka.pl\/adamczewski\/wp-json\/wp\/v2\/types\/post"}],"author":[{"embeddable":true,"href":"https:\/\/blog.polityka.pl\/adamczewski\/wp-json\/wp\/v2\/users\/2"}],"replies":[{"embeddable":true,"href":"https:\/\/blog.polityka.pl\/adamczewski\/wp-json\/wp\/v2\/comments?post=34"}],"version-history":[{"count":0,"href":"https:\/\/blog.polityka.pl\/adamczewski\/wp-json\/wp\/v2\/posts\/34\/revisions"}],"wp:attachment":[{"href":"https:\/\/blog.polityka.pl\/adamczewski\/wp-json\/wp\/v2\/media?parent=34"}],"wp:term":[{"taxonomy":"category","embeddable":true,"href":"https:\/\/blog.polityka.pl\/adamczewski\/wp-json\/wp\/v2\/categories?post=34"},{"taxonomy":"post_tag","embeddable":true,"href":"https:\/\/blog.polityka.pl\/adamczewski\/wp-json\/wp\/v2\/tags?post=34"}],"curies":[{"name":"wp","href":"https:\/\/api.w.org\/{rel}","templated":true}]}}