
{"id":3403,"date":"2011-11-23T08:00:21","date_gmt":"2011-11-23T07:00:21","guid":{"rendered":"http:\/\/adamczewski.blog.polityka.pl\/?p=3403"},"modified":"2011-11-30T14:20:28","modified_gmt":"2011-11-30T13:20:28","slug":"zgadnij-co-gotujemy-91","status":"publish","type":"post","link":"https:\/\/blog.polityka.pl\/adamczewski\/2011\/11\/23\/zgadnij-co-gotujemy-91\/","title":{"rendered":"Zgadnij co gotujemy?"},"content":{"rendered":"<p>Dzi\u015b nagrod\u0105 jest ksi\u0105\u017cka ciesz\u0105ca si\u0119 wielkim powodzeniem w\u015br\u00f3d mi\u0142o\u015bnik\u00f3w thriller\u00f3w: &#8222;Utopia&#8221; autorstwa Lincolna Childa. Tak\u017ce krytycy wysoko ocenili t\u0119 ksi\u0105\u017ck\u0119. Aby j\u0105 otrzyma\u0107 trzeba jak zwykle szybko odpowiedzie\u0107 na trzy pytania:<\/p>\n<p>1. Pumpernikiel to pochodz\u0105cy z Westfalii rodzaj \u017cytniego pieczywa\u00a0&#8211; sk\u0105d taka nazwa\u00a0 ?<\/p>\n<p>2.\u00a0 Ucho morskie to rodzaj sondy u\u017cywanej przez statki rybackie czy co\u015b innego ?<\/p>\n<p>3 . Z jakiego mleka robione jest ghee\u00a0&#8211; t\u0142uszcz powszechnie u\u017cywany w kuchni indyjskiej ?<\/p>\n<p>Kto pierwszy przy\u015ble prawid\u0142owe odpowiedzi na adres <a href=\"mailto:internet@polityka.com.pl\">internet@polityka.com.pl<\/a> ten otrzyma ksi\u0105\u017ck\u0119. Powodzenia.<br \/>\nPS.<br \/>\nProsz\u0119 te\u017c o podawanie adresu pocztowego, by ksi\u0105\u017cka mog\u0142a dotrze\u0107 do zwyci\u0119zcy.<\/p>\n","protected":false},"excerpt":{"rendered":"<p>Dzi\u015b nagrod\u0105 jest ksi\u0105\u017cka ciesz\u0105ca si\u0119 wielkim powodzeniem w\u015br\u00f3d mi\u0142o\u015bnik\u00f3w thriller\u00f3w: &#8222;Utopia&#8221; autorstwa Lincolna Childa. Tak\u017ce krytycy wysoko ocenili t\u0119 ksi\u0105\u017ck\u0119. Aby j\u0105 otrzyma\u0107 trzeba jak zwykle szybko odpowiedzie\u0107 na trzy pytania: 1. Pumpernikiel to pochodz\u0105cy z Westfalii rodzaj \u017cytniego pieczywa\u00a0&#8211; sk\u0105d taka nazwa\u00a0 ? 2.\u00a0 Ucho morskie to rodzaj sondy u\u017cywanej przez statki rybackie [&hellip;]<\/p>\n","protected":false},"author":2,"featured_media":0,"comment_status":"open","ping_status":"open","sticky":false,"template":"","format":"standard","meta":{"footnotes":""},"categories":[1],"tags":[],"_links":{"self":[{"href":"https:\/\/blog.polityka.pl\/adamczewski\/wp-json\/wp\/v2\/posts\/3403"}],"collection":[{"href":"https:\/\/blog.polityka.pl\/adamczewski\/wp-json\/wp\/v2\/posts"}],"about":[{"href":"https:\/\/blog.polityka.pl\/adamczewski\/wp-json\/wp\/v2\/types\/post"}],"author":[{"embeddable":true,"href":"https:\/\/blog.polityka.pl\/adamczewski\/wp-json\/wp\/v2\/users\/2"}],"replies":[{"embeddable":true,"href":"https:\/\/blog.polityka.pl\/adamczewski\/wp-json\/wp\/v2\/comments?post=3403"}],"version-history":[{"count":3,"href":"https:\/\/blog.polityka.pl\/adamczewski\/wp-json\/wp\/v2\/posts\/3403\/revisions"}],"predecessor-version":[{"id":3525,"href":"https:\/\/blog.polityka.pl\/adamczewski\/wp-json\/wp\/v2\/posts\/3403\/revisions\/3525"}],"wp:attachment":[{"href":"https:\/\/blog.polityka.pl\/adamczewski\/wp-json\/wp\/v2\/media?parent=3403"}],"wp:term":[{"taxonomy":"category","embeddable":true,"href":"https:\/\/blog.polityka.pl\/adamczewski\/wp-json\/wp\/v2\/categories?post=3403"},{"taxonomy":"post_tag","embeddable":true,"href":"https:\/\/blog.polityka.pl\/adamczewski\/wp-json\/wp\/v2\/tags?post=3403"}],"curies":[{"name":"wp","href":"https:\/\/api.w.org\/{rel}","templated":true}]}}