
{"id":3413,"date":"2012-01-26T16:45:53","date_gmt":"2012-01-26T15:45:53","guid":{"rendered":"http:\/\/adamczewscy.pl\/?p=3413"},"modified":"2012-01-26T16:45:53","modified_gmt":"2012-01-26T15:45:53","slug":"miodowa-pieczen","status":"publish","type":"post","link":"https:\/\/blog.polityka.pl\/adamczewski\/2012\/01\/26\/miodowa-pieczen\/","title":{"rendered":"Miodowa piecze\u0144"},"content":{"rendered":"<p><em>1 kg chudego schabu karkowego, \u0142y\u017cka p\u0142ynnego miodu, najlepiej gryczanego,2 \u0142y\u017cki ostrego keczupu, \u0142y\u017cka musztardy ?francuskiej? z ca\u0142ymi ziarenkami,2 z\u0105bki czosnku, \u0142y\u017cka oliwy,s\u00f3l,20 go\u017adzik\u00f3w<\/em><\/p>\n<p>1.Utrze\u0107,najlepiej w mo\u017adzierzu mi\u00f3d, musztard\u0119, keczup, posiekany czosnek i s\u00f3l, na koniec wla\u0107 oliw\u0119 i utrze\u0107 na  g\u0142adk\u0105 mas\u0119.<br \/>\n2.Mi\u0119so umy\u0107, osuszy\u0107, natrze\u0107 mas\u0105 miodowo ? musztardow\u0105 .W okrytym szczelnie naczyniu wstawi\u0107 na  8-10 godzin do lod\u00f3wki.<br \/>\n3.Mieso prze\u0142o\u017cy\u0107 do brytfanny, wstawi\u0107 do nagrzanego do 200 st. C piekarnika i piec 15 minut, po czym zmniejszy\u0107 temperatur\u0119 i piec 50 minut, do\u015b\u0107 cz\u0119sto polewaj\u0105c wytwarzaj\u0105cym si\u0119 sosem lub wod\u0105.<br \/>\nDoskonale smakuje z  ziemniakami upieczonymi obok mi\u0119sa( obranymi, pokrojonymi na \u0107wiartki, posypanymi kminkiem i sol\u0105).<\/p>\n","protected":false},"excerpt":{"rendered":"<p>1 kg chudego schabu karkowego, \u0142y\u017cka p\u0142ynnego miodu, najlepiej gryczanego,2 \u0142y\u017cki ostrego keczupu, \u0142y\u017cka musztardy ?francuskiej? z ca\u0142ymi ziarenkami,2 z\u0105bki czosnku, \u0142y\u017cka oliwy,s\u00f3l,20 go\u017adzik\u00f3w 1.Utrze\u0107,najlepiej w mo\u017adzierzu mi\u00f3d, musztard\u0119, keczup, posiekany czosnek i s\u00f3l, na koniec wla\u0107 oliw\u0119 i utrze\u0107 na g\u0142adk\u0105 mas\u0119. 2.Mi\u0119so umy\u0107, osuszy\u0107, natrze\u0107 mas\u0105 miodowo ? musztardow\u0105 .W okrytym szczelnie naczyniu [&hellip;]<\/p>\n","protected":false},"author":2,"featured_media":0,"comment_status":"open","ping_status":"open","sticky":false,"template":"","format":"standard","meta":{"footnotes":""},"categories":[1],"tags":[],"_links":{"self":[{"href":"https:\/\/blog.polityka.pl\/adamczewski\/wp-json\/wp\/v2\/posts\/3413"}],"collection":[{"href":"https:\/\/blog.polityka.pl\/adamczewski\/wp-json\/wp\/v2\/posts"}],"about":[{"href":"https:\/\/blog.polityka.pl\/adamczewski\/wp-json\/wp\/v2\/types\/post"}],"author":[{"embeddable":true,"href":"https:\/\/blog.polityka.pl\/adamczewski\/wp-json\/wp\/v2\/users\/2"}],"replies":[{"embeddable":true,"href":"https:\/\/blog.polityka.pl\/adamczewski\/wp-json\/wp\/v2\/comments?post=3413"}],"version-history":[{"count":0,"href":"https:\/\/blog.polityka.pl\/adamczewski\/wp-json\/wp\/v2\/posts\/3413\/revisions"}],"wp:attachment":[{"href":"https:\/\/blog.polityka.pl\/adamczewski\/wp-json\/wp\/v2\/media?parent=3413"}],"wp:term":[{"taxonomy":"category","embeddable":true,"href":"https:\/\/blog.polityka.pl\/adamczewski\/wp-json\/wp\/v2\/categories?post=3413"},{"taxonomy":"post_tag","embeddable":true,"href":"https:\/\/blog.polityka.pl\/adamczewski\/wp-json\/wp\/v2\/tags?post=3413"}],"curies":[{"name":"wp","href":"https:\/\/api.w.org\/{rel}","templated":true}]}}