
{"id":3414,"date":"2012-01-26T16:46:26","date_gmt":"2012-01-26T15:46:26","guid":{"rendered":"http:\/\/adamczewscy.pl\/?p=3414"},"modified":"2012-01-26T16:46:26","modified_gmt":"2012-01-26T15:46:26","slug":"zolta-zupa","status":"publish","type":"post","link":"https:\/\/blog.polityka.pl\/adamczewski\/2012\/01\/26\/zolta-zupa\/","title":{"rendered":"\u017b\u00f3\u0142ta zupa"},"content":{"rendered":"<p><em>3 szklanki wywaru warzywnego,1 kg \u017c\u00f3\u0142tych pomidor\u00f3w, \u017c\u00f3\u0142ta papryka, niewielka bia\u0142a cebula,2 \u0142y\u017ceczki cukru, \u0142y\u017cka soku z cytryny, s\u00f3l, szczypta mielonego cynamonu, ?  szklanki \u015bmietany, \u0142y\u017cka siekanego koperku<\/em><\/p>\n<p>1.Pomidory pola\u0107 wrz\u0105tkiem, zdj\u0105\u0107 sk\u00f3rk\u0119, pokroi\u0107 na \u0107wiartki .Papryk\u0119 po usuni\u0119ciu gniazda nasiennego pokroi\u0107 na paski. Cebul\u0119 posieka\u0107.<br \/>\n2.Wrzuci\u0107 rozdrobnione warzywa do wywaru, gotowa\u0107 20 minut, odstawi\u0107, lekko ostudzi\u0107 i zmiksowa\u0107 zup\u0119.<br \/>\n3.Zup\u0119 przyprawi\u0107 sol\u0105, sokiem cytrynowym i cukrem do smaku, zagotowa\u0107.<br \/>\n4.Do zupy doda\u0107 \u015bmietan\u0119. Wierzch ka\u017cdej porcji posypa\u0107 koperkiem.<br \/>\nZup\u0119 mo\u017cna podawa\u0107 z makaronem lub ry\u017cem.<\/p>\n","protected":false},"excerpt":{"rendered":"<p>3 szklanki wywaru warzywnego,1 kg \u017c\u00f3\u0142tych pomidor\u00f3w, \u017c\u00f3\u0142ta papryka, niewielka bia\u0142a cebula,2 \u0142y\u017ceczki cukru, \u0142y\u017cka soku z cytryny, s\u00f3l, szczypta mielonego cynamonu, ? szklanki \u015bmietany, \u0142y\u017cka siekanego koperku 1.Pomidory pola\u0107 wrz\u0105tkiem, zdj\u0105\u0107 sk\u00f3rk\u0119, pokroi\u0107 na \u0107wiartki .Papryk\u0119 po usuni\u0119ciu gniazda nasiennego pokroi\u0107 na paski. Cebul\u0119 posieka\u0107. 2.Wrzuci\u0107 rozdrobnione warzywa do wywaru, gotowa\u0107 20 minut, odstawi\u0107, [&hellip;]<\/p>\n","protected":false},"author":2,"featured_media":0,"comment_status":"open","ping_status":"open","sticky":false,"template":"","format":"standard","meta":{"footnotes":""},"categories":[1],"tags":[],"_links":{"self":[{"href":"https:\/\/blog.polityka.pl\/adamczewski\/wp-json\/wp\/v2\/posts\/3414"}],"collection":[{"href":"https:\/\/blog.polityka.pl\/adamczewski\/wp-json\/wp\/v2\/posts"}],"about":[{"href":"https:\/\/blog.polityka.pl\/adamczewski\/wp-json\/wp\/v2\/types\/post"}],"author":[{"embeddable":true,"href":"https:\/\/blog.polityka.pl\/adamczewski\/wp-json\/wp\/v2\/users\/2"}],"replies":[{"embeddable":true,"href":"https:\/\/blog.polityka.pl\/adamczewski\/wp-json\/wp\/v2\/comments?post=3414"}],"version-history":[{"count":0,"href":"https:\/\/blog.polityka.pl\/adamczewski\/wp-json\/wp\/v2\/posts\/3414\/revisions"}],"wp:attachment":[{"href":"https:\/\/blog.polityka.pl\/adamczewski\/wp-json\/wp\/v2\/media?parent=3414"}],"wp:term":[{"taxonomy":"category","embeddable":true,"href":"https:\/\/blog.polityka.pl\/adamczewski\/wp-json\/wp\/v2\/categories?post=3414"},{"taxonomy":"post_tag","embeddable":true,"href":"https:\/\/blog.polityka.pl\/adamczewski\/wp-json\/wp\/v2\/tags?post=3414"}],"curies":[{"name":"wp","href":"https:\/\/api.w.org\/{rel}","templated":true}]}}