
{"id":343,"date":"2007-10-17T08:00:53","date_gmt":"2007-10-17T06:00:53","guid":{"rendered":"http:\/\/adamczewski.blog.polityka.pl\/?p=343"},"modified":"2007-10-17T08:00:53","modified_gmt":"2007-10-17T06:00:53","slug":"zgadnij-co-gotujemy62","status":"publish","type":"post","link":"https:\/\/blog.polityka.pl\/adamczewski\/2007\/10\/17\/zgadnij-co-gotujemy62\/","title":{"rendered":"Zgadnij co gotujemy?(62)"},"content":{"rendered":"<p>Tym razem quiz wypad\u0142 w tygodniu wybitnie muzycznym. Postaram si\u0119 wi\u0119c i zagadki do tej tematyki dopasowa\u0107. Tak\u017ce i nagroda b\u0119dzie wyj\u0105tkowo uroczysta &#8211; pi\u0119kne wydawnictwo albumowe pt. &#8222;Bale noblist\u00f3w Od klasycznych menu po wsp\u00f3\u0142czesne przepisy&#8221;. Dzi\u0119ki tej ksi\u0119dze b\u0119dziecie mogli urz\u0105dza\u0107 w swoich domach kolacje godne kr\u00f3l\u00f3w, premier\u00f3w i najwybitniejszych uczonych oraz pisarzy \u015bwiata.<\/p>\n<p>1. Co kryje si\u0119 pod nazw\u0105 &#8211; aria sorbetowa?<br \/>\n2. Najbardziej znana potraw\u0105 przypisywan\u0105 Rossiniemu jest&#8230;<br \/>\n3. Jednym z najwi\u0119kszych smakoszy XX wieku by\u0142 polski pianista, znakomity wykonawca muzyki Chopina, kt\u00f3ry \u017ceni\u0105c si\u0119 z c\u00f3rk\u0105 wybitnego polskiego dyrygenta i kompozytora podkre\u015bla\u0142 jej talenty kulinarne, o kim mowa?<\/p>\n<p>Kto pierwszy przy\u015ble prawid\u0142owe odpowiedzi na adres internet@polityka.com.pl\u00a0 ten zdob\u0119dzie album, kt\u00f3ry jest jednocze\u015bnie ksi\u0105\u017ck\u0105 kucharsk\u0105 i poradnikiem somelierskim. Do roboty wi\u0119c przyjaciele!<\/p>\n","protected":false},"excerpt":{"rendered":"<p>Tym razem quiz wypad\u0142 w tygodniu wybitnie muzycznym. Postaram si\u0119 wi\u0119c i zagadki do tej tematyki dopasowa\u0107. Tak\u017ce i nagroda b\u0119dzie wyj\u0105tkowo uroczysta &#8211; pi\u0119kne wydawnictwo albumowe pt. &#8222;Bale noblist\u00f3w Od klasycznych menu po wsp\u00f3\u0142czesne przepisy&#8221;. Dzi\u0119ki tej ksi\u0119dze b\u0119dziecie mogli urz\u0105dza\u0107 w swoich domach kolacje godne kr\u00f3l\u00f3w, premier\u00f3w i najwybitniejszych uczonych oraz pisarzy \u015bwiata. [&hellip;]<\/p>\n","protected":false},"author":2,"featured_media":0,"comment_status":"open","ping_status":"open","sticky":false,"template":"","format":"standard","meta":{"footnotes":""},"categories":[1],"tags":[],"_links":{"self":[{"href":"https:\/\/blog.polityka.pl\/adamczewski\/wp-json\/wp\/v2\/posts\/343"}],"collection":[{"href":"https:\/\/blog.polityka.pl\/adamczewski\/wp-json\/wp\/v2\/posts"}],"about":[{"href":"https:\/\/blog.polityka.pl\/adamczewski\/wp-json\/wp\/v2\/types\/post"}],"author":[{"embeddable":true,"href":"https:\/\/blog.polityka.pl\/adamczewski\/wp-json\/wp\/v2\/users\/2"}],"replies":[{"embeddable":true,"href":"https:\/\/blog.polityka.pl\/adamczewski\/wp-json\/wp\/v2\/comments?post=343"}],"version-history":[{"count":0,"href":"https:\/\/blog.polityka.pl\/adamczewski\/wp-json\/wp\/v2\/posts\/343\/revisions"}],"wp:attachment":[{"href":"https:\/\/blog.polityka.pl\/adamczewski\/wp-json\/wp\/v2\/media?parent=343"}],"wp:term":[{"taxonomy":"category","embeddable":true,"href":"https:\/\/blog.polityka.pl\/adamczewski\/wp-json\/wp\/v2\/categories?post=343"},{"taxonomy":"post_tag","embeddable":true,"href":"https:\/\/blog.polityka.pl\/adamczewski\/wp-json\/wp\/v2\/tags?post=343"}],"curies":[{"name":"wp","href":"https:\/\/api.w.org\/{rel}","templated":true}]}}