
{"id":3505,"date":"2012-05-04T06:44:10","date_gmt":"2012-05-04T05:44:10","guid":{"rendered":"http:\/\/adamczewscy.pl\/?p=3505"},"modified":"2012-05-04T06:44:10","modified_gmt":"2012-05-04T05:44:10","slug":"zielony-chlodnik","status":"publish","type":"post","link":"https:\/\/blog.polityka.pl\/adamczewski\/2012\/05\/04\/zielony-chlodnik\/","title":{"rendered":"Zielony ch\u0142odnik"},"content":{"rendered":"<p><em>Gar\u015b\u0107 (ok. 10 dag) szczawiu, tyle\u017c szpinaku, ma\u0142\u0105 g\u0142\u00f3wka sa\u0142aty mas\u0142owej, z\u0105bek czosnku, po 3 \u0142y\u017cki siekanej zielonej pietruszki, szczypiorku i koperku, 2 \u0142y\u017cki soku z cytryny, 2 szklanki kefiru, 5 \u0142y\u017cek smietany, s\u00f3l, pieprz, 4 jajka ugotowane na twardo<br \/>\n<\/em><\/p>\n<p>1. Oczy\u015bci\u0107 szpinak i szczaw, pokroi\u0107 na paski, wrzuci\u0107 na szklank\u0119 wrz\u0105cej osolnej wody i gotowa\u0107 2 minuty.<br \/>\n2. Sa\u0142at\u0119 umy\u0107, osuszy\u0107 i porwa\u0107 na kawa\u0142ki, czosnek drobno posieka\u0107. Doda\u0107 do ugotowanego szpinaku i szczawiu wraz z kefirem, \u015bmietan\u0105 i sokiem cytrynowym. Wymiesza\u0107, doprawi\u0107 do smaku sol\u0105 i pieprzem. Posypa\u0107 ch\u0142odnik siekan\u0105 zielenin\u0105, doda\u0107 pokrojone w \u0107wiartki jaja na twardo. <\/p>\n","protected":false},"excerpt":{"rendered":"<p>Gar\u015b\u0107 (ok. 10 dag) szczawiu, tyle\u017c szpinaku, ma\u0142\u0105 g\u0142\u00f3wka sa\u0142aty mas\u0142owej, z\u0105bek czosnku, po 3 \u0142y\u017cki siekanej zielonej pietruszki, szczypiorku i koperku, 2 \u0142y\u017cki soku z cytryny, 2 szklanki kefiru, 5 \u0142y\u017cek smietany, s\u00f3l, pieprz, 4 jajka ugotowane na twardo 1. Oczy\u015bci\u0107 szpinak i szczaw, pokroi\u0107 na paski, wrzuci\u0107 na szklank\u0119 wrz\u0105cej osolnej wody i [&hellip;]<\/p>\n","protected":false},"author":2,"featured_media":0,"comment_status":"open","ping_status":"open","sticky":false,"template":"","format":"standard","meta":{"footnotes":""},"categories":[1],"tags":[],"_links":{"self":[{"href":"https:\/\/blog.polityka.pl\/adamczewski\/wp-json\/wp\/v2\/posts\/3505"}],"collection":[{"href":"https:\/\/blog.polityka.pl\/adamczewski\/wp-json\/wp\/v2\/posts"}],"about":[{"href":"https:\/\/blog.polityka.pl\/adamczewski\/wp-json\/wp\/v2\/types\/post"}],"author":[{"embeddable":true,"href":"https:\/\/blog.polityka.pl\/adamczewski\/wp-json\/wp\/v2\/users\/2"}],"replies":[{"embeddable":true,"href":"https:\/\/blog.polityka.pl\/adamczewski\/wp-json\/wp\/v2\/comments?post=3505"}],"version-history":[{"count":0,"href":"https:\/\/blog.polityka.pl\/adamczewski\/wp-json\/wp\/v2\/posts\/3505\/revisions"}],"wp:attachment":[{"href":"https:\/\/blog.polityka.pl\/adamczewski\/wp-json\/wp\/v2\/media?parent=3505"}],"wp:term":[{"taxonomy":"category","embeddable":true,"href":"https:\/\/blog.polityka.pl\/adamczewski\/wp-json\/wp\/v2\/categories?post=3505"},{"taxonomy":"post_tag","embeddable":true,"href":"https:\/\/blog.polityka.pl\/adamczewski\/wp-json\/wp\/v2\/tags?post=3505"}],"curies":[{"name":"wp","href":"https:\/\/api.w.org\/{rel}","templated":true}]}}