
{"id":3506,"date":"2012-05-04T06:45:17","date_gmt":"2012-05-04T05:45:17","guid":{"rendered":"http:\/\/adamczewscy.pl\/?p=3506"},"modified":"2012-05-04T06:45:17","modified_gmt":"2012-05-04T05:45:17","slug":"torcik-waflowy-z-kajmakiem","status":"publish","type":"post","link":"https:\/\/blog.polityka.pl\/adamczewski\/2012\/05\/04\/torcik-waflowy-z-kajmakiem\/","title":{"rendered":"Torcik waflowy z kajmakiem"},"content":{"rendered":"<p><em>Opakowanie okr\u0105g\u0142ych wafli, szklanka mleka p\u0142ynnego i szklanka mleka w proszku, 1,5 szklanki cukru (z lekkim czubkiem), 25 dag mas\u0142a, 2 \u0142y\u017cki ciemnego kakao, 25 dag marmolady<br \/>\n<\/em><br \/>\n1. Roz\u0142o\u017cy\u0107 wafle, ka\u017cdy posmarowa\u0107 r\u00f3wn\u0105, cienk\u0105 warstw\u0105 marmolady.<br \/>\n2. W rondelku rozpu\u015bci\u0107 mas\u0142o, doda\u0107 p\u0142ynne mleko i cukier. Zagotowa\u0107, doda\u0107 kakao i mleko w proszku i po wymieszaniu gotowa\u0107 jeszcze kilka minut, ci\u0105gle mieszaj\u0105c.<br \/>\n3. Ciep\u0142\u0105 mas\u0105 kajmakow\u0105 posmarowa\u0107 pokryte marmolada wafle i pouk\u0142ada\u0107 jeden na drugim, obci\u0105\u017cy\u0107 deseczk\u0105 i ci\u0119\u017carkiem. Pozostawi\u0107 do momentu, a\u017c ostygn\u0105.<br \/>\nWierzch mo\u017cna posmarowa\u0107 cienk\u0105 warstw\u0105 czekolady rozpuszczonej w kuchence mikrofalowej lub przygotowan\u0105 gotow\u0105 czekoladowa polew\u0105.<br \/>\nTorcik przechowywa\u0107 w lod\u00f3wce. <\/p>\n","protected":false},"excerpt":{"rendered":"<p>Opakowanie okr\u0105g\u0142ych wafli, szklanka mleka p\u0142ynnego i szklanka mleka w proszku, 1,5 szklanki cukru (z lekkim czubkiem), 25 dag mas\u0142a, 2 \u0142y\u017cki ciemnego kakao, 25 dag marmolady 1. Roz\u0142o\u017cy\u0107 wafle, ka\u017cdy posmarowa\u0107 r\u00f3wn\u0105, cienk\u0105 warstw\u0105 marmolady. 2. W rondelku rozpu\u015bci\u0107 mas\u0142o, doda\u0107 p\u0142ynne mleko i cukier. Zagotowa\u0107, doda\u0107 kakao i mleko w proszku i po [&hellip;]<\/p>\n","protected":false},"author":2,"featured_media":0,"comment_status":"open","ping_status":"open","sticky":false,"template":"","format":"standard","meta":{"footnotes":""},"categories":[1],"tags":[],"_links":{"self":[{"href":"https:\/\/blog.polityka.pl\/adamczewski\/wp-json\/wp\/v2\/posts\/3506"}],"collection":[{"href":"https:\/\/blog.polityka.pl\/adamczewski\/wp-json\/wp\/v2\/posts"}],"about":[{"href":"https:\/\/blog.polityka.pl\/adamczewski\/wp-json\/wp\/v2\/types\/post"}],"author":[{"embeddable":true,"href":"https:\/\/blog.polityka.pl\/adamczewski\/wp-json\/wp\/v2\/users\/2"}],"replies":[{"embeddable":true,"href":"https:\/\/blog.polityka.pl\/adamczewski\/wp-json\/wp\/v2\/comments?post=3506"}],"version-history":[{"count":0,"href":"https:\/\/blog.polityka.pl\/adamczewski\/wp-json\/wp\/v2\/posts\/3506\/revisions"}],"wp:attachment":[{"href":"https:\/\/blog.polityka.pl\/adamczewski\/wp-json\/wp\/v2\/media?parent=3506"}],"wp:term":[{"taxonomy":"category","embeddable":true,"href":"https:\/\/blog.polityka.pl\/adamczewski\/wp-json\/wp\/v2\/categories?post=3506"},{"taxonomy":"post_tag","embeddable":true,"href":"https:\/\/blog.polityka.pl\/adamczewski\/wp-json\/wp\/v2\/tags?post=3506"}],"curies":[{"name":"wp","href":"https:\/\/api.w.org\/{rel}","templated":true}]}}