
{"id":3507,"date":"2012-05-04T06:45:58","date_gmt":"2012-05-04T05:45:58","guid":{"rendered":"http:\/\/adamczewscy.pl\/?p=3507"},"modified":"2012-05-04T06:45:58","modified_gmt":"2012-05-04T05:45:58","slug":"pory-w-sosie-pomidorowym","status":"publish","type":"post","link":"https:\/\/blog.polityka.pl\/adamczewski\/2012\/05\/04\/pory-w-sosie-pomidorowym\/","title":{"rendered":"Pory w sosie pomidorowym"},"content":{"rendered":"<p><em>8 niezbyt grubych por\u00f3w, 2 mi\u0119siste pomidory, 2 \u0142y\u017cki oliwy z oliwek, 2 \u0142y\u017cki soku z cytryny, z\u0105bek czosnku, \u0142y\u017cka posiekanej \u015bwie\u017cej bazylii, s\u00f3l, spora szczypta pieprzu zio\u0142owego<br \/>\n<\/em><br \/>\n1. Pory obra\u0107 z wierzchnich li\u015bci odci\u0105\u0107 cz\u0119\u015bci intensywnie zielone i pi\u0119tk\u0119 z korzonkami.<br \/>\n2. Zagotowa\u0107 szklank\u0119 wody z oliw\u0105, sol\u0105, sokiem cytrynowym i czosnkiem, wrzuci\u0107 pory i gotowa\u0107 15 minut.<br \/>\n3. Pory wyj\u0105\u0107 z wywaru i dok\u0142adnie ods\u0105czy\u0107. U\u0142o\u017cy\u0107 na p\u00f3\u0142misku.<br \/>\n4. Do pozosta\u0142ego wywaru doda\u0107 obrane ze sk\u00f3rek i pokrojone w kostk\u0119 pomidory, zagotowa\u0107, doprawi\u0107 sos bazyli\u0105 i pieprzem zio\u0142owym i pola\u0107 nim ugotowane pory. <\/p>\n","protected":false},"excerpt":{"rendered":"<p>8 niezbyt grubych por\u00f3w, 2 mi\u0119siste pomidory, 2 \u0142y\u017cki oliwy z oliwek, 2 \u0142y\u017cki soku z cytryny, z\u0105bek czosnku, \u0142y\u017cka posiekanej \u015bwie\u017cej bazylii, s\u00f3l, spora szczypta pieprzu zio\u0142owego 1. Pory obra\u0107 z wierzchnich li\u015bci odci\u0105\u0107 cz\u0119\u015bci intensywnie zielone i pi\u0119tk\u0119 z korzonkami. 2. Zagotowa\u0107 szklank\u0119 wody z oliw\u0105, sol\u0105, sokiem cytrynowym i czosnkiem, wrzuci\u0107 pory [&hellip;]<\/p>\n","protected":false},"author":2,"featured_media":0,"comment_status":"open","ping_status":"open","sticky":false,"template":"","format":"standard","meta":{"footnotes":""},"categories":[1],"tags":[],"_links":{"self":[{"href":"https:\/\/blog.polityka.pl\/adamczewski\/wp-json\/wp\/v2\/posts\/3507"}],"collection":[{"href":"https:\/\/blog.polityka.pl\/adamczewski\/wp-json\/wp\/v2\/posts"}],"about":[{"href":"https:\/\/blog.polityka.pl\/adamczewski\/wp-json\/wp\/v2\/types\/post"}],"author":[{"embeddable":true,"href":"https:\/\/blog.polityka.pl\/adamczewski\/wp-json\/wp\/v2\/users\/2"}],"replies":[{"embeddable":true,"href":"https:\/\/blog.polityka.pl\/adamczewski\/wp-json\/wp\/v2\/comments?post=3507"}],"version-history":[{"count":0,"href":"https:\/\/blog.polityka.pl\/adamczewski\/wp-json\/wp\/v2\/posts\/3507\/revisions"}],"wp:attachment":[{"href":"https:\/\/blog.polityka.pl\/adamczewski\/wp-json\/wp\/v2\/media?parent=3507"}],"wp:term":[{"taxonomy":"category","embeddable":true,"href":"https:\/\/blog.polityka.pl\/adamczewski\/wp-json\/wp\/v2\/categories?post=3507"},{"taxonomy":"post_tag","embeddable":true,"href":"https:\/\/blog.polityka.pl\/adamczewski\/wp-json\/wp\/v2\/tags?post=3507"}],"curies":[{"name":"wp","href":"https:\/\/api.w.org\/{rel}","templated":true}]}}