
{"id":352,"date":"2007-10-18T08:00:30","date_gmt":"2007-10-18T06:00:30","guid":{"rendered":"http:\/\/adamczewski.blog.polityka.pl\/?p=352"},"modified":"2007-10-18T08:00:30","modified_gmt":"2007-10-18T06:00:30","slug":"z-neapolu-do-neapolu","status":"publish","type":"post","link":"https:\/\/blog.polityka.pl\/adamczewski\/2007\/10\/18\/z-neapolu-do-neapolu\/","title":{"rendered":"Z Neapolu do&#8230; Neapolu"},"content":{"rendered":"<p>Salvatore Cardillo urodzi\u0142 si\u0119 w Neapolu sto trzydzie\u015bci trzy lata temu. Tam studiowa\u0142 pianistyk\u0119 i kompozycj\u0119. Jako 29-letni pocz\u0105tkujacy kompozytor wyemigrowa\u0142 do Ameryki. Tam, trafi\u0142 do wytw\u00f3rni filmowej. Pisa\u0142 mn\u00f3stwo. A wszystko w stylu neapolita\u0144skim. T\u0119skne i romantyczne pie\u015bni podbi\u0142y damsk\u0105 cz\u0119\u015b\u0107 ameryka\u0144skiej widowni. Najs\u0142ynniejsz\u0105 pie\u015bni\u0105 do dzi\u015b jest &#8222;Core \u201angrato&#8221;\u00a0 napisana w 1911 roku.<\/p>\n<p>W tym samym czasie gdy Salvatore pokonywa\u0142 ocean jeszcze jeden Neapolita\u0144czyk odby\u0142 t\u0119 sam\u0105 drog\u0119. Ten te\u017c podbi\u0142 Stany Zjednoczone. A by\u0142 to najs\u0142ynniejszy placek \u015bwiata &#8211; pizza. Przybysze z Neapolu osiedlaj\u0105c si\u0119 w nowej ojczy\u017anie nie mogli i nie chcieli zmieni\u0107 swoich kulinarnych przyzwyczaje\u0144. Otwierali wi\u0119c pizzerie takie same jakie odwiedzali pod Wezuwiuszem. Nie sk\u0105pili tego smako\u0142yku te\u017c i Jankesom. Pizza szybko sta\u0142a si\u0119 przebojem tak jak i kompozycje Cardillo.<\/p>\n<p>Po latach, gdy jego s\u0142awa nieco ju\u017c przyblak\u0142a, kompozytor wr\u00f3ci\u0142 do Neapolu. I tu w 1947 roku zmar\u0142.<\/p>\n<p>I zn\u00f3w podobna drog\u0119 przeby\u0142 neapolita\u0144ski placek. Pizza wraz z wojskami ameryka\u0144skimi dotar\u0142a na P\u00f3\u0142wysep Apeni\u0144ski. Dotychczas by\u0142a ona znana tylko w okolicach Neapolu. Amerykanie (oczywi\u015bcie ci w\u0142oskiego pochodzenia) rozwlekli j\u0105 po ca\u0142ej Italii. Dzi\u015b nikt sobie nie wyobra\u017ca krajobrazu w\u0142oskiego bez pizzy.\u00a0 A &#8222;Core \u201angrato&#8221; \u015bpiewane jest te\u017c na wszystkich estradach \u015bwiata. I tak neapolita\u0144ska pie\u015b\u0144 robi karier\u0119 r\u00f3wn\u0105 neapolita\u0144skiemu plackowi.<\/p>\n","protected":false},"excerpt":{"rendered":"<p>Salvatore Cardillo urodzi\u0142 si\u0119 w Neapolu sto trzydzie\u015bci trzy lata temu. Tam studiowa\u0142 pianistyk\u0119 i kompozycj\u0119. Jako 29-letni pocz\u0105tkujacy kompozytor wyemigrowa\u0142 do Ameryki. Tam, trafi\u0142 do wytw\u00f3rni filmowej. Pisa\u0142 mn\u00f3stwo. A wszystko w stylu neapolita\u0144skim. T\u0119skne i romantyczne pie\u015bni podbi\u0142y damsk\u0105 cz\u0119\u015b\u0107 ameryka\u0144skiej widowni. Najs\u0142ynniejsz\u0105 pie\u015bni\u0105 do dzi\u015b jest &#8222;Core \u201angrato&#8221;\u00a0 napisana w 1911 roku. [&hellip;]<\/p>\n","protected":false},"author":2,"featured_media":0,"comment_status":"open","ping_status":"open","sticky":false,"template":"","format":"standard","meta":{"footnotes":""},"categories":[1],"tags":[],"_links":{"self":[{"href":"https:\/\/blog.polityka.pl\/adamczewski\/wp-json\/wp\/v2\/posts\/352"}],"collection":[{"href":"https:\/\/blog.polityka.pl\/adamczewski\/wp-json\/wp\/v2\/posts"}],"about":[{"href":"https:\/\/blog.polityka.pl\/adamczewski\/wp-json\/wp\/v2\/types\/post"}],"author":[{"embeddable":true,"href":"https:\/\/blog.polityka.pl\/adamczewski\/wp-json\/wp\/v2\/users\/2"}],"replies":[{"embeddable":true,"href":"https:\/\/blog.polityka.pl\/adamczewski\/wp-json\/wp\/v2\/comments?post=352"}],"version-history":[{"count":0,"href":"https:\/\/blog.polityka.pl\/adamczewski\/wp-json\/wp\/v2\/posts\/352\/revisions"}],"wp:attachment":[{"href":"https:\/\/blog.polityka.pl\/adamczewski\/wp-json\/wp\/v2\/media?parent=352"}],"wp:term":[{"taxonomy":"category","embeddable":true,"href":"https:\/\/blog.polityka.pl\/adamczewski\/wp-json\/wp\/v2\/categories?post=352"},{"taxonomy":"post_tag","embeddable":true,"href":"https:\/\/blog.polityka.pl\/adamczewski\/wp-json\/wp\/v2\/tags?post=352"}],"curies":[{"name":"wp","href":"https:\/\/api.w.org\/{rel}","templated":true}]}}