
{"id":355,"date":"2007-10-31T08:00:16","date_gmt":"2007-10-31T06:00:16","guid":{"rendered":"http:\/\/adamczewski.blog.polityka.pl\/?p=355"},"modified":"2007-10-25T14:30:51","modified_gmt":"2007-10-25T12:30:51","slug":"zgadnij-co-gotujemy-64","status":"publish","type":"post","link":"https:\/\/blog.polityka.pl\/adamczewski\/2007\/10\/31\/zgadnij-co-gotujemy-64\/","title":{"rendered":"Zgadnij co gotujemy? (64)"},"content":{"rendered":"<p>Zajrza\u0142em ostatnio do sklepu mi\u0119snego, bo zwabi\u0142 mnie dawno nie widziany szyld &#8222;Rze\u017anik&#8221;. \u017baden tam salon mi\u0119sny, ani nawet dom w\u0119dlin czy pa\u0142ac schab\u00f3w a zwyk\u0142y przedwojenny rze\u017anik. Ucieszy\u0142a mnie ta normalizacja \u017cycia handlowego.<br \/>\nW \u015brodku zasta\u0142em anonsowanego na szyldzie rzemie\u015blnika. Rze\u017anik uzbrojony w tasak, siekierk\u0119 i zestaw no\u017cy oraz nowoczesne krajalnice oraz pi\u0142\u0119 do ko\u015bci. Rozbiera\u0142 z wpraw\u0105 tusze wo\u0142owe, a w kolejce czeka\u0142a p\u00f3\u0142tuszka wieprza. By\u0142a te\u017c ciel\u0119cina, z kt\u00f3rej mistrz masarski kroi\u0142 wspania\u0142e porcje goleni na <em>osso buco<\/em>.<\/p>\n<p>Tak mnie to wzruszy\u0142o, \u017ce postanowi\u0142em i Was nieco zaj\u0105\u0107 tym wa\u017cnym fachem. Prosz\u0119 odpowiedzie\u0107 na trzy pytania, na kt\u00f3re musz\u0105 potrafi\u0107  da\u0107 odpowied\u017a czeladnicy rze\u017aniczy:<\/p>\n<p>1. Co to jest rozbratel?<br \/>\n2. Ligawa to&#8230;<br \/>\n3. A szponder&#8230;<\/p>\n<p>Bezb\u0142\u0119dne odpowiedzi i szybko przys\u0142ane na adres  internet@polityka.com.pl  b\u0119d\u0105 nagrodzone ostatnim egzemplarzem mojej ksi\u0105\u017cki &#8222;Smakosz w\u0119drowny&#8221; Wydawnictwo Pr\u00f3szy\u0144ski i S-ka, ze stosownym autografem  oraz serdeczn\u0105 dedykacj\u0105. Czekam wi\u0119c.<\/p>\n","protected":false},"excerpt":{"rendered":"<p>Zajrza\u0142em ostatnio do sklepu mi\u0119snego, bo zwabi\u0142 mnie dawno nie widziany szyld &#8222;Rze\u017anik&#8221;. \u017baden tam salon mi\u0119sny, ani nawet dom w\u0119dlin czy pa\u0142ac schab\u00f3w a zwyk\u0142y przedwojenny rze\u017anik. Ucieszy\u0142a mnie ta normalizacja \u017cycia handlowego. W \u015brodku zasta\u0142em anonsowanego na szyldzie rzemie\u015blnika. Rze\u017anik uzbrojony w tasak, siekierk\u0119 i zestaw no\u017cy oraz nowoczesne krajalnice oraz pi\u0142\u0119 do [&hellip;]<\/p>\n","protected":false},"author":2,"featured_media":0,"comment_status":"open","ping_status":"open","sticky":false,"template":"","format":"standard","meta":{"footnotes":""},"categories":[1],"tags":[],"_links":{"self":[{"href":"https:\/\/blog.polityka.pl\/adamczewski\/wp-json\/wp\/v2\/posts\/355"}],"collection":[{"href":"https:\/\/blog.polityka.pl\/adamczewski\/wp-json\/wp\/v2\/posts"}],"about":[{"href":"https:\/\/blog.polityka.pl\/adamczewski\/wp-json\/wp\/v2\/types\/post"}],"author":[{"embeddable":true,"href":"https:\/\/blog.polityka.pl\/adamczewski\/wp-json\/wp\/v2\/users\/2"}],"replies":[{"embeddable":true,"href":"https:\/\/blog.polityka.pl\/adamczewski\/wp-json\/wp\/v2\/comments?post=355"}],"version-history":[{"count":0,"href":"https:\/\/blog.polityka.pl\/adamczewski\/wp-json\/wp\/v2\/posts\/355\/revisions"}],"wp:attachment":[{"href":"https:\/\/blog.polityka.pl\/adamczewski\/wp-json\/wp\/v2\/media?parent=355"}],"wp:term":[{"taxonomy":"category","embeddable":true,"href":"https:\/\/blog.polityka.pl\/adamczewski\/wp-json\/wp\/v2\/categories?post=355"},{"taxonomy":"post_tag","embeddable":true,"href":"https:\/\/blog.polityka.pl\/adamczewski\/wp-json\/wp\/v2\/tags?post=355"}],"curies":[{"name":"wp","href":"https:\/\/api.w.org\/{rel}","templated":true}]}}