
{"id":3581,"date":"2011-12-21T08:00:43","date_gmt":"2011-12-21T07:00:43","guid":{"rendered":"http:\/\/adamczewski.blog.polityka.pl\/?p=3581"},"modified":"2011-12-05T14:13:42","modified_gmt":"2011-12-05T13:13:42","slug":"zgadnij-co-gotujemy-94","status":"publish","type":"post","link":"https:\/\/blog.polityka.pl\/adamczewski\/2011\/12\/21\/zgadnij-co-gotujemy-94\/","title":{"rendered":"Zgadnij co gotujemy?"},"content":{"rendered":"<p><a href=\"\/wp-content\/uploads\/2011\/12\/blogWisniewski.jpg\"><img loading=\"lazy\" decoding=\"async\" class=\"aligncenter size-medium wp-image-3600\" title=\"blogWisniewski\" src=\"\/wp-content\/uploads\/2011\/12\/blogWisniewski-208x300.jpg\" alt=\"\" width=\"208\" height=\"300\" \/><\/a>\u00a0Dzi\u015b nagrod\u0105\u00a0 jest te\u017c\u00a0 ksi\u0105\u017cka ale jeszcze tu nie omawiana. To dzie\u0142o niezbyt znanego pisarza ale wydaje si\u0119, \u017ce kariera przed nim. Ksi\u0105\u017ck\u0119 zakwalifikowa\u0142a do druku i wyda\u0142a w oficynie SOL\u00a0 Monika Sz. znana u nas jako Nisia. A ona w tych sprawach ma wyra\u017anie dobr\u0105 r\u0119k\u0119. Aby j\u0105 otrzyma\u0107 (ksi\u0105\u017ck\u0119 a nie r\u0119k\u0119 Nisi) trzeba jak zwykle szybko odpowiedzie\u0107 na trzy pytania:<\/p>\n<p>1. Wymie\u0144 trzy najpopularniejsze w Polsce zupy wigilijne.<\/p>\n<p>2.Kto w wigili\u0119 przynosi prezenty pod choink\u0119 (mog\u0105 by\u0107 r\u00f3\u017cnice regionalne)?<\/p>\n<p>3 Kiedy wszed\u0142 zwyczaj nakrywania do wigilijnego sto\u0142u tak\u017ce miejsca dla strudzonego w\u0119drowca?<\/p>\n<p>Kto pierwszy przy\u015ble prawid\u0142owe odpowiedzi na adres <a href=\"mailto:internet@polityka.com.pl\">internet@polityka.com.pl<\/a> ten otrzyma ksi\u0105\u017ck\u0119\u00a0Marka P. Wi\u015bniewskiego &#8222;Rzeka szale\u0144stwa&#8221;, o kt\u00f3rej krytycy pisali tak: &#8222;Pojawi\u0142 si\u0119 debiutant, na kt\u00f3rego warto zwr\u00f3ci\u0107 szczeg\u00f3ln\u0105 uwag\u0119. Spos\u00f3b, w jaki pos\u0142uguje si\u0119 s\u0142owem pisanym, obezw\u0142adnia. Fabu\u0142a wr\u0119cz po\u0142yka czytelnika. Wyobra\u017ania, zmys\u0142y szalej\u0105.&#8221;<\/p>\n<p>Czyta\u0142em i potwierdzam. Powodzenia.<\/p>\n","protected":false},"excerpt":{"rendered":"<p>\u00a0Dzi\u015b nagrod\u0105\u00a0 jest te\u017c\u00a0 ksi\u0105\u017cka ale jeszcze tu nie omawiana. To dzie\u0142o niezbyt znanego pisarza ale wydaje si\u0119, \u017ce kariera przed nim. Ksi\u0105\u017ck\u0119 zakwalifikowa\u0142a do druku i wyda\u0142a w oficynie SOL\u00a0 Monika Sz. znana u nas jako Nisia. A ona w tych sprawach ma wyra\u017anie dobr\u0105 r\u0119k\u0119. Aby j\u0105 otrzyma\u0107 (ksi\u0105\u017ck\u0119 a nie r\u0119k\u0119 Nisi) [&hellip;]<\/p>\n","protected":false},"author":2,"featured_media":0,"comment_status":"open","ping_status":"open","sticky":false,"template":"","format":"standard","meta":{"footnotes":""},"categories":[1],"tags":[],"_links":{"self":[{"href":"https:\/\/blog.polityka.pl\/adamczewski\/wp-json\/wp\/v2\/posts\/3581"}],"collection":[{"href":"https:\/\/blog.polityka.pl\/adamczewski\/wp-json\/wp\/v2\/posts"}],"about":[{"href":"https:\/\/blog.polityka.pl\/adamczewski\/wp-json\/wp\/v2\/types\/post"}],"author":[{"embeddable":true,"href":"https:\/\/blog.polityka.pl\/adamczewski\/wp-json\/wp\/v2\/users\/2"}],"replies":[{"embeddable":true,"href":"https:\/\/blog.polityka.pl\/adamczewski\/wp-json\/wp\/v2\/comments?post=3581"}],"version-history":[{"count":6,"href":"https:\/\/blog.polityka.pl\/adamczewski\/wp-json\/wp\/v2\/posts\/3581\/revisions"}],"predecessor-version":[{"id":3602,"href":"https:\/\/blog.polityka.pl\/adamczewski\/wp-json\/wp\/v2\/posts\/3581\/revisions\/3602"}],"wp:attachment":[{"href":"https:\/\/blog.polityka.pl\/adamczewski\/wp-json\/wp\/v2\/media?parent=3581"}],"wp:term":[{"taxonomy":"category","embeddable":true,"href":"https:\/\/blog.polityka.pl\/adamczewski\/wp-json\/wp\/v2\/categories?post=3581"},{"taxonomy":"post_tag","embeddable":true,"href":"https:\/\/blog.polityka.pl\/adamczewski\/wp-json\/wp\/v2\/tags?post=3581"}],"curies":[{"name":"wp","href":"https:\/\/api.w.org\/{rel}","templated":true}]}}