
{"id":3586,"date":"2011-12-14T08:00:00","date_gmt":"2011-12-14T07:00:00","guid":{"rendered":"http:\/\/adamczewski.blog.polityka.pl\/?p=3586"},"modified":"2011-12-13T18:31:25","modified_gmt":"2011-12-13T17:31:25","slug":"zgadnij-co-gotujemy-98","status":"publish","type":"post","link":"https:\/\/blog.polityka.pl\/adamczewski\/2011\/12\/14\/zgadnij-co-gotujemy-98\/","title":{"rendered":"Zgadnij co gotujemy?"},"content":{"rendered":"<p><a href=\"\/wp-content\/uploads\/2011\/12\/Fartuch-nagroda.jpg\"><img loading=\"lazy\" decoding=\"async\" class=\"aligncenter size-medium wp-image-3603\" title=\"OLYMPUS DIGITAL CAMERA\" src=\"\/wp-content\/uploads\/2011\/12\/Fartuch-nagroda-225x300.jpg\" alt=\"\" width=\"225\" height=\"300\" srcset=\"\/adamczewski\/wp-content\/uploads\/2011\/12\/Fartuch-nagroda-225x300.jpg 225w, \/adamczewski\/wp-content\/uploads\/2011\/12\/Fartuch-nagroda.jpg 360w\" sizes=\"(max-width: 225px) 100vw, 225px\" \/><\/a>\u00a0<\/p>\n<p>Dzi\u015b nagrod\u0105\u00a0 jest&#8230; nie, tym razem nie\u00a0 ksi\u0105\u017cka lecz co\u015b, co si\u0119 Wam bardzo przyda w kuchni. To fartuch jaki nosz\u0105 profesjonalni szefowie kuchni, os\u0142aniaj\u0105cy ca\u0142\u0105 sylwetk\u0119 i chroni\u0105cy ubranie przed plamami t\u0142uszczu lub kroplami sos\u00f3w. Mam taki sam i jestem z niego zadowolony. Mog\u0119 doda\u0107, \u017ce fartuch jest\u00a0 ozdobiony napisami na cze\u015b\u0107 \u015bledzia. Aby go otrzyma\u0107 trzeba jak zwykle szybko odpowiedzie\u0107 na trzy pytania:<\/p>\n<p>1. Polscy szefowie kuchni tak\u017ce pisz\u0105 ksi\u0105\u017cki. Wymie\u0144 trzy dzie\u0142a kulinarne pi\u00f3ra g\u0142o\u015bnych i znanych kucharzy z naszego kraju.<\/p>\n<p>2.Kto jest autorem przepisu na s\u0142ynne turnedo, na kt\u00f3rym le\u017cy na wierzchu kawa\u0142ek pysznej trufli?<\/p>\n<p>3. A kto opracowa\u0142 przepis na najs\u0142ynniejsze chyba danie kuchni rosyjskiej boeuf stroganow?<\/p>\n<p>Kto pierwszy przy\u015ble prawid\u0142owe odpowiedzi na adres <a href=\"mailto:internet@polityka.com.pl\">internet@polityka.com.pl<\/a> ten otrzyma niezb\u0119dny w pracy kucharskiej fartuch. Powodzenia.<\/p>\n","protected":false},"excerpt":{"rendered":"<p>\u00a0 Dzi\u015b nagrod\u0105\u00a0 jest&#8230; nie, tym razem nie\u00a0 ksi\u0105\u017cka lecz co\u015b, co si\u0119 Wam bardzo przyda w kuchni. To fartuch jaki nosz\u0105 profesjonalni szefowie kuchni, os\u0142aniaj\u0105cy ca\u0142\u0105 sylwetk\u0119 i chroni\u0105cy ubranie przed plamami t\u0142uszczu lub kroplami sos\u00f3w. Mam taki sam i jestem z niego zadowolony. Mog\u0119 doda\u0107, \u017ce fartuch jest\u00a0 ozdobiony napisami na cze\u015b\u0107 \u015bledzia. [&hellip;]<\/p>\n","protected":false},"author":2,"featured_media":0,"comment_status":"open","ping_status":"open","sticky":false,"template":"","format":"standard","meta":{"footnotes":""},"categories":[1],"tags":[],"_links":{"self":[{"href":"https:\/\/blog.polityka.pl\/adamczewski\/wp-json\/wp\/v2\/posts\/3586"}],"collection":[{"href":"https:\/\/blog.polityka.pl\/adamczewski\/wp-json\/wp\/v2\/posts"}],"about":[{"href":"https:\/\/blog.polityka.pl\/adamczewski\/wp-json\/wp\/v2\/types\/post"}],"author":[{"embeddable":true,"href":"https:\/\/blog.polityka.pl\/adamczewski\/wp-json\/wp\/v2\/users\/2"}],"replies":[{"embeddable":true,"href":"https:\/\/blog.polityka.pl\/adamczewski\/wp-json\/wp\/v2\/comments?post=3586"}],"version-history":[{"count":6,"href":"https:\/\/blog.polityka.pl\/adamczewski\/wp-json\/wp\/v2\/posts\/3586\/revisions"}],"predecessor-version":[{"id":3588,"href":"https:\/\/blog.polityka.pl\/adamczewski\/wp-json\/wp\/v2\/posts\/3586\/revisions\/3588"}],"wp:attachment":[{"href":"https:\/\/blog.polityka.pl\/adamczewski\/wp-json\/wp\/v2\/media?parent=3586"}],"wp:term":[{"taxonomy":"category","embeddable":true,"href":"https:\/\/blog.polityka.pl\/adamczewski\/wp-json\/wp\/v2\/categories?post=3586"},{"taxonomy":"post_tag","embeddable":true,"href":"https:\/\/blog.polityka.pl\/adamczewski\/wp-json\/wp\/v2\/tags?post=3586"}],"curies":[{"name":"wp","href":"https:\/\/api.w.org\/{rel}","templated":true}]}}