
{"id":359,"date":"2007-11-02T13:10:56","date_gmt":"2007-11-02T12:10:56","guid":{"rendered":"http:\/\/adamczewski.blog.polityka.pl\/?p=359"},"modified":"2007-11-20T14:34:05","modified_gmt":"2007-11-20T13:34:05","slug":"rozmowa-z-markiem-kondratem-o-winie","status":"publish","type":"post","link":"https:\/\/blog.polityka.pl\/adamczewski\/2007\/11\/02\/rozmowa-z-markiem-kondratem-o-winie\/","title":{"rendered":"Rozmowa z Markiem Kondratem o winie"},"content":{"rendered":"<p>W tym odcinku go\u015bcimy w sklepie Marka Kondrata, aktora, ale tak\u017ce mi\u0142o\u015bnika i znawcy win.<br \/>\n<object width=\"425\" height=\"355\"><param name=\"movie\" value=\"http:\/\/www.youtube.com\/v\/8e2VAC9XQIo&#038;rel=1\"><\/param><param name=\"wmode\" value=\"transparent\"><\/param><embed src=\"http:\/\/www.youtube.com\/v\/8e2VAC9XQIo&#038;rel=1\" type=\"application\/x-shockwave-flash\" wmode=\"transparent\" width=\"425\" height=\"355\"><\/embed><\/object><\/p>\n","protected":false},"excerpt":{"rendered":"<p>W tym odcinku go\u015bcimy w sklepie Marka Kondrata, aktora, ale tak\u017ce mi\u0142o\u015bnika i znawcy win.<\/p>\n","protected":false},"author":2,"featured_media":0,"comment_status":"open","ping_status":"open","sticky":false,"template":"","format":"standard","meta":{"footnotes":""},"categories":[1],"tags":[],"_links":{"self":[{"href":"https:\/\/blog.polityka.pl\/adamczewski\/wp-json\/wp\/v2\/posts\/359"}],"collection":[{"href":"https:\/\/blog.polityka.pl\/adamczewski\/wp-json\/wp\/v2\/posts"}],"about":[{"href":"https:\/\/blog.polityka.pl\/adamczewski\/wp-json\/wp\/v2\/types\/post"}],"author":[{"embeddable":true,"href":"https:\/\/blog.polityka.pl\/adamczewski\/wp-json\/wp\/v2\/users\/2"}],"replies":[{"embeddable":true,"href":"https:\/\/blog.polityka.pl\/adamczewski\/wp-json\/wp\/v2\/comments?post=359"}],"version-history":[{"count":0,"href":"https:\/\/blog.polityka.pl\/adamczewski\/wp-json\/wp\/v2\/posts\/359\/revisions"}],"wp:attachment":[{"href":"https:\/\/blog.polityka.pl\/adamczewski\/wp-json\/wp\/v2\/media?parent=359"}],"wp:term":[{"taxonomy":"category","embeddable":true,"href":"https:\/\/blog.polityka.pl\/adamczewski\/wp-json\/wp\/v2\/categories?post=359"},{"taxonomy":"post_tag","embeddable":true,"href":"https:\/\/blog.polityka.pl\/adamczewski\/wp-json\/wp\/v2\/tags?post=359"}],"curies":[{"name":"wp","href":"https:\/\/api.w.org\/{rel}","templated":true}]}}