
{"id":3590,"date":"2012-08-09T22:02:41","date_gmt":"2012-08-09T21:02:41","guid":{"rendered":"http:\/\/adamczewscy.pl\/?p=3590"},"modified":"2012-08-09T22:02:41","modified_gmt":"2012-08-09T21:02:41","slug":"jajka-sadzone-na-papryce","status":"publish","type":"post","link":"https:\/\/blog.polityka.pl\/adamczewski\/2012\/08\/09\/jajka-sadzone-na-papryce\/","title":{"rendered":"Jajka sadzone na papryce"},"content":{"rendered":"<p><em>Du\u017ca cebula, 3  papryki w ro\u017cnych kolorach, 3 j\u0119drne pomidory, 3 \u0142y\u017cki oliwy z oliwek, s\u00f3l, pieprz, kilka li\u015bci bazylii, po 2 jajka na osob\u0119, szklanka startego sera<br \/>\n<\/em><br \/>\n1. Cebul\u0119 pokroi\u0107 w pi\u00f3rka, papryki, po usuni\u0119ciu gniazd nasiennych pokroi\u0107 w cienkie paski, pomidory obra\u0107 ze sk\u00f3rki i pokroi\u0107 na \u00f3semki.<br \/>\n2. Podsma\u017cy\u0107 na oliwie rozgrzanej na g\u0142\u0119bszej patelni, doda\u0107 papryk\u0119 i sma\u017cy\u0107 chwil\u0119, a\u017c nieco zmi\u0119knie. Do cebuli z papryk\u0119 doda\u0107 pokrojone pomidory i dusi\u0107 wszystko razem chwil\u0119, doprawi\u0107 sol\u0105, pieprzem i bazyli\u0105.<br \/>\n3. W duszonych warzywach uformowa\u0107 \u0142y\u017ck\u0105 do\u0142ki, w ka\u017cdy wbi\u0107 jajka, lekko posypa\u0107 sol\u0105 i na ka\u017cdym umie\u015bci\u0107 po trochu startego sera.<br \/>\n4. Pod przykrywk\u0105, na niewielkim ogniu dusi\u0107 ca\u0142o\u015b\u0107 do momentu kiedy zetn\u0105 si\u0119 jajka. <\/p>\n","protected":false},"excerpt":{"rendered":"<p>Du\u017ca cebula, 3 papryki w ro\u017cnych kolorach, 3 j\u0119drne pomidory, 3 \u0142y\u017cki oliwy z oliwek, s\u00f3l, pieprz, kilka li\u015bci bazylii, po 2 jajka na osob\u0119, szklanka startego sera 1. Cebul\u0119 pokroi\u0107 w pi\u00f3rka, papryki, po usuni\u0119ciu gniazd nasiennych pokroi\u0107 w cienkie paski, pomidory obra\u0107 ze sk\u00f3rki i pokroi\u0107 na \u00f3semki. 2. Podsma\u017cy\u0107 na oliwie rozgrzanej [&hellip;]<\/p>\n","protected":false},"author":2,"featured_media":0,"comment_status":"open","ping_status":"open","sticky":false,"template":"","format":"standard","meta":{"footnotes":""},"categories":[1],"tags":[],"_links":{"self":[{"href":"https:\/\/blog.polityka.pl\/adamczewski\/wp-json\/wp\/v2\/posts\/3590"}],"collection":[{"href":"https:\/\/blog.polityka.pl\/adamczewski\/wp-json\/wp\/v2\/posts"}],"about":[{"href":"https:\/\/blog.polityka.pl\/adamczewski\/wp-json\/wp\/v2\/types\/post"}],"author":[{"embeddable":true,"href":"https:\/\/blog.polityka.pl\/adamczewski\/wp-json\/wp\/v2\/users\/2"}],"replies":[{"embeddable":true,"href":"https:\/\/blog.polityka.pl\/adamczewski\/wp-json\/wp\/v2\/comments?post=3590"}],"version-history":[{"count":0,"href":"https:\/\/blog.polityka.pl\/adamczewski\/wp-json\/wp\/v2\/posts\/3590\/revisions"}],"wp:attachment":[{"href":"https:\/\/blog.polityka.pl\/adamczewski\/wp-json\/wp\/v2\/media?parent=3590"}],"wp:term":[{"taxonomy":"category","embeddable":true,"href":"https:\/\/blog.polityka.pl\/adamczewski\/wp-json\/wp\/v2\/categories?post=3590"},{"taxonomy":"post_tag","embeddable":true,"href":"https:\/\/blog.polityka.pl\/adamczewski\/wp-json\/wp\/v2\/tags?post=3590"}],"curies":[{"name":"wp","href":"https:\/\/api.w.org\/{rel}","templated":true}]}}