
{"id":360,"date":"2007-11-07T07:00:38","date_gmt":"2007-11-07T06:00:38","guid":{"rendered":"http:\/\/adamczewski.blog.polityka.pl\/?p=360"},"modified":"2007-11-07T07:54:12","modified_gmt":"2007-11-07T06:54:12","slug":"zgadnij-co-gotujemy65","status":"publish","type":"post","link":"https:\/\/blog.polityka.pl\/adamczewski\/2007\/11\/07\/zgadnij-co-gotujemy65\/","title":{"rendered":"Zgadnij co gotujemy?(65)"},"content":{"rendered":"<p>Coraz zimniej. Ale nie narzekam, bo tak jest co roku. A ucieczka na po\u0142udnie na sta\u0142e &#8211; nie wchodzi w rachub\u0119. Tu jest moje miejsce, moje wnuki i przyjaciele. A nawet te ulubione (bo sadzone w\u0142asn\u0105 r\u0119k\u0105 przed 33 laty) modrzewie i brzozy. Trudno, b\u0119d\u0119 czeka\u0142 z wyt\u0119sknieniem cieplejszego czasu, rozgrzewaj\u0105c si\u0119 w\u0142a\u015bciwymi daniami i napitkami. I to w\u0142a\u015bnie b\u0119dzie temat dzisiejszego quizu.<\/p>\n<p>No to zaczynamy:<\/p>\n<p>1. Co to jest baekenofe?<br \/>\n2. W jakim regionie Francji zmarzluchy rozgrzewaj\u0105 organizm cassoulet?<br \/>\n3. Boef  Stroganow potrawa wymy\u015blona przez francuskiego kucharza nosi nazwisko rosyjskiego&#8230; no w\u0142a\u015bnie kogo?<\/p>\n<p>I tyle. A teraz jak zwykle, kto pierwszy przy\u015ble prawid\u0142owe odpowiedzi na wszystkie pytania na adres internet@polityka.com.pl  ten otrzyma moj\u0105 ksi\u0105\u017ck\u0119 pt. &#8222;M\u0119skie gotowanie&#8221; wydana przez firm\u0119 Pr\u00f3szy\u0144ski i S-ka z autografem i stosown\u0105 dedykacj\u0105. Dodam, \u017ce to ostatni egzemplarz jaki by\u0142 w posiadaniu blogu Gotuj si\u0119! Czekam niecierpliwie.<\/p>\n","protected":false},"excerpt":{"rendered":"<p>Coraz zimniej. Ale nie narzekam, bo tak jest co roku. A ucieczka na po\u0142udnie na sta\u0142e &#8211; nie wchodzi w rachub\u0119. Tu jest moje miejsce, moje wnuki i przyjaciele. A nawet te ulubione (bo sadzone w\u0142asn\u0105 r\u0119k\u0105 przed 33 laty) modrzewie i brzozy. Trudno, b\u0119d\u0119 czeka\u0142 z wyt\u0119sknieniem cieplejszego czasu, rozgrzewaj\u0105c si\u0119 w\u0142a\u015bciwymi daniami i [&hellip;]<\/p>\n","protected":false},"author":2,"featured_media":0,"comment_status":"open","ping_status":"open","sticky":false,"template":"","format":"standard","meta":{"footnotes":""},"categories":[1],"tags":[],"_links":{"self":[{"href":"https:\/\/blog.polityka.pl\/adamczewski\/wp-json\/wp\/v2\/posts\/360"}],"collection":[{"href":"https:\/\/blog.polityka.pl\/adamczewski\/wp-json\/wp\/v2\/posts"}],"about":[{"href":"https:\/\/blog.polityka.pl\/adamczewski\/wp-json\/wp\/v2\/types\/post"}],"author":[{"embeddable":true,"href":"https:\/\/blog.polityka.pl\/adamczewski\/wp-json\/wp\/v2\/users\/2"}],"replies":[{"embeddable":true,"href":"https:\/\/blog.polityka.pl\/adamczewski\/wp-json\/wp\/v2\/comments?post=360"}],"version-history":[{"count":0,"href":"https:\/\/blog.polityka.pl\/adamczewski\/wp-json\/wp\/v2\/posts\/360\/revisions"}],"wp:attachment":[{"href":"https:\/\/blog.polityka.pl\/adamczewski\/wp-json\/wp\/v2\/media?parent=360"}],"wp:term":[{"taxonomy":"category","embeddable":true,"href":"https:\/\/blog.polityka.pl\/adamczewski\/wp-json\/wp\/v2\/categories?post=360"},{"taxonomy":"post_tag","embeddable":true,"href":"https:\/\/blog.polityka.pl\/adamczewski\/wp-json\/wp\/v2\/tags?post=360"}],"curies":[{"name":"wp","href":"https:\/\/api.w.org\/{rel}","templated":true}]}}