
{"id":3612,"date":"2011-12-28T08:00:34","date_gmt":"2011-12-28T07:00:34","guid":{"rendered":"http:\/\/adamczewski.blog.polityka.pl\/?p=3612"},"modified":"2011-12-26T10:57:07","modified_gmt":"2011-12-26T09:57:07","slug":"zgadnij-co-gotujemy-99","status":"publish","type":"post","link":"https:\/\/blog.polityka.pl\/adamczewski\/2011\/12\/28\/zgadnij-co-gotujemy-99\/","title":{"rendered":"Zgadnij co gotujemy"},"content":{"rendered":"<p><a href=\"\/wp-content\/uploads\/2011\/12\/Kalendarz-2012.jpg\"><img loading=\"lazy\" decoding=\"async\" class=\"aligncenter size-medium wp-image-3613\" title=\"OLYMPUS DIGITAL CAMERA\" src=\"\/wp-content\/uploads\/2011\/12\/Kalendarz-2012-225x300.jpg\" alt=\"\" width=\"225\" height=\"300\" srcset=\"\/adamczewski\/wp-content\/uploads\/2011\/12\/Kalendarz-2012-225x300.jpg 225w, \/adamczewski\/wp-content\/uploads\/2011\/12\/Kalendarz-2012.jpg 360w\" sizes=\"(max-width: 225px) 100vw, 225px\" \/><\/a><\/p>\n<p>Rok dobiega ko\u0144ca ale jeszcze nie czas na \u017cyczenia. Dzi\u015b pora na kolejn\u0105 zabaw\u0119 w zgadywanie. Natomiast nagrod\u0105 b\u0119dzie rok 2012. I to dos\u0142ownie, bo zwyci\u0119\u017cczyni lub zwyci\u0119zca quizu otrzyma tradycyjny, zdzierany kalendarz.\u00a0Ma on\u00a0na odwrocie ka\u017cdej kartki\u00a0 kr\u00f3ciutkie teksty (oraz rysunki) felietonist\u00f3w, satyryk\u00f3w, znawcy wina, mistrza herbaty, historyka, poety a tak\u017ce ponad sto przepis\u00f3w kulinarnych. Wystarczy\u00a0&#8211; jak zwykle -odpowiedzie\u0107 na trzy pytania i wys\u0142a\u0107 je na adres <a href=\"mailto:internet@polityka.com.pl\">internet@polityka.com.pl<\/a>\u00a0 Oto pytania:<\/p>\n<p>1.Nazwa wina z b\u0105belkami czyli szampana jest zastrze\u017cona. Katalo\u0144czycy musieli swoje nazwa\u0107 cava. W Alzacji te\u017c wytwarzane jest wino musuj\u0105ce\u00a0&#8211; a jak si\u0119 ono nazywa?<\/p>\n<p>2.S\u0105 r\u00f3\u017cne wersje historyczne tego wydarzenia;\u00a0 kiedy i z jakiej okazji zacz\u0119to hucznie \u015bwi\u0119towa\u0107 noc sylwestrow\u0105?<\/p>\n<p>3.Nie wszyscy\u00a0\u00a0 na\u00a0 naszej \u00a0Ziemi obchodz\u0105 \u015bwi\u0119to Nowego Roku w tym samym czasie: kiedy \u015bwi\u0119tuj\u0105 Chi\u0144czycy, kiedy \u017bydzi, kiedy wyznawcy Islamu?<\/p>\n<p>I to ju\u017c wszystkie pytania w 2011 roku. Teraz prosz\u0119 o szybkie wys\u0142anie odpowiedzi i kalendarz zostanie wyekspediowany pod wskazany adres.<\/p>\n","protected":false},"excerpt":{"rendered":"<p>Rok dobiega ko\u0144ca ale jeszcze nie czas na \u017cyczenia. Dzi\u015b pora na kolejn\u0105 zabaw\u0119 w zgadywanie. Natomiast nagrod\u0105 b\u0119dzie rok 2012. I to dos\u0142ownie, bo zwyci\u0119\u017cczyni lub zwyci\u0119zca quizu otrzyma tradycyjny, zdzierany kalendarz.\u00a0Ma on\u00a0na odwrocie ka\u017cdej kartki\u00a0 kr\u00f3ciutkie teksty (oraz rysunki) felietonist\u00f3w, satyryk\u00f3w, znawcy wina, mistrza herbaty, historyka, poety a tak\u017ce ponad sto przepis\u00f3w kulinarnych. [&hellip;]<\/p>\n","protected":false},"author":2,"featured_media":0,"comment_status":"open","ping_status":"open","sticky":false,"template":"","format":"standard","meta":{"footnotes":""},"categories":[1],"tags":[],"_links":{"self":[{"href":"https:\/\/blog.polityka.pl\/adamczewski\/wp-json\/wp\/v2\/posts\/3612"}],"collection":[{"href":"https:\/\/blog.polityka.pl\/adamczewski\/wp-json\/wp\/v2\/posts"}],"about":[{"href":"https:\/\/blog.polityka.pl\/adamczewski\/wp-json\/wp\/v2\/types\/post"}],"author":[{"embeddable":true,"href":"https:\/\/blog.polityka.pl\/adamczewski\/wp-json\/wp\/v2\/users\/2"}],"replies":[{"embeddable":true,"href":"https:\/\/blog.polityka.pl\/adamczewski\/wp-json\/wp\/v2\/comments?post=3612"}],"version-history":[{"count":4,"href":"https:\/\/blog.polityka.pl\/adamczewski\/wp-json\/wp\/v2\/posts\/3612\/revisions"}],"predecessor-version":[{"id":3615,"href":"https:\/\/blog.polityka.pl\/adamczewski\/wp-json\/wp\/v2\/posts\/3612\/revisions\/3615"}],"wp:attachment":[{"href":"https:\/\/blog.polityka.pl\/adamczewski\/wp-json\/wp\/v2\/media?parent=3612"}],"wp:term":[{"taxonomy":"category","embeddable":true,"href":"https:\/\/blog.polityka.pl\/adamczewski\/wp-json\/wp\/v2\/categories?post=3612"},{"taxonomy":"post_tag","embeddable":true,"href":"https:\/\/blog.polityka.pl\/adamczewski\/wp-json\/wp\/v2\/tags?post=3612"}],"curies":[{"name":"wp","href":"https:\/\/api.w.org\/{rel}","templated":true}]}}