
{"id":3623,"date":"2012-09-20T15:21:39","date_gmt":"2012-09-20T14:21:39","guid":{"rendered":"http:\/\/adamczewscy.pl\/?p=3623"},"modified":"2012-09-20T15:21:39","modified_gmt":"2012-09-20T14:21:39","slug":"polkruchy-placek-ze-sliwkami","status":"publish","type":"post","link":"https:\/\/blog.polityka.pl\/adamczewski\/2012\/09\/20\/polkruchy-placek-ze-sliwkami\/","title":{"rendered":"P\u00f3\u0142kruchy placek ze \u015bliwkami"},"content":{"rendered":"<p><em>Na ciasto: 1,75 szklanki m\u0105ki (30 dag), 15 dag mas\u0142a, jajko, 2\/3 szklanki cukru pudru(10 dag), 3 \u0142y\u017ceczki \u015bmietany, 2 \u0142y\u017ceczki  proszku do pieczenia. Ok. 60 dag \u015bliwek<br \/>\nDo posmarowania formy: \u0142y\u017ceczka mas\u0142a<br \/>\nDo posypania ciasta:  2 \u0142y\u017cki cukru pudru<\/em><\/p>\n<p>1. Z podanych sk\u0142adnik\u00f3w  przygotowa\u0107 ciasto, najlepiej w malakserze lub przy pomocy r\u0119cznego robota kuchennego.<br \/>\n2. \u015aliwki umy\u0107, starannie osuszy\u0107, poprzekrawa\u0107 wzd\u0142u\u017c na p\u00f3\u0142 i usun\u0105\u0107 pestki.<br \/>\n3. W wysmarowanej mas\u0142em p\u0142askiej szerokiej formie roz\u0142o\u017cy\u0107 ciasto r\u00f3wn\u0105 warstw\u0105, pouk\u0142ada\u0107 r\u00f3wnymi rz\u0119dami \u015bliwki, sk\u00f3rk\u0105 do do\u0142u.<br \/>\n4. W piekarniku o temperaturze 180 st. C piec ciasto, a\u017c jego wierzch pomi\u0119dzy \u015bliwkami stanie si\u0119 jasnobr\u0105zowy.<\/p>\n","protected":false},"excerpt":{"rendered":"<p>Na ciasto: 1,75 szklanki m\u0105ki (30 dag), 15 dag mas\u0142a, jajko, 2\/3 szklanki cukru pudru(10 dag), 3 \u0142y\u017ceczki \u015bmietany, 2 \u0142y\u017ceczki proszku do pieczenia. Ok. 60 dag \u015bliwek Do posmarowania formy: \u0142y\u017ceczka mas\u0142a Do posypania ciasta: 2 \u0142y\u017cki cukru pudru 1. Z podanych sk\u0142adnik\u00f3w przygotowa\u0107 ciasto, najlepiej w malakserze lub przy pomocy r\u0119cznego robota kuchennego. [&hellip;]<\/p>\n","protected":false},"author":2,"featured_media":0,"comment_status":"open","ping_status":"open","sticky":false,"template":"","format":"standard","meta":{"footnotes":""},"categories":[1],"tags":[],"_links":{"self":[{"href":"https:\/\/blog.polityka.pl\/adamczewski\/wp-json\/wp\/v2\/posts\/3623"}],"collection":[{"href":"https:\/\/blog.polityka.pl\/adamczewski\/wp-json\/wp\/v2\/posts"}],"about":[{"href":"https:\/\/blog.polityka.pl\/adamczewski\/wp-json\/wp\/v2\/types\/post"}],"author":[{"embeddable":true,"href":"https:\/\/blog.polityka.pl\/adamczewski\/wp-json\/wp\/v2\/users\/2"}],"replies":[{"embeddable":true,"href":"https:\/\/blog.polityka.pl\/adamczewski\/wp-json\/wp\/v2\/comments?post=3623"}],"version-history":[{"count":0,"href":"https:\/\/blog.polityka.pl\/adamczewski\/wp-json\/wp\/v2\/posts\/3623\/revisions"}],"wp:attachment":[{"href":"https:\/\/blog.polityka.pl\/adamczewski\/wp-json\/wp\/v2\/media?parent=3623"}],"wp:term":[{"taxonomy":"category","embeddable":true,"href":"https:\/\/blog.polityka.pl\/adamczewski\/wp-json\/wp\/v2\/categories?post=3623"},{"taxonomy":"post_tag","embeddable":true,"href":"https:\/\/blog.polityka.pl\/adamczewski\/wp-json\/wp\/v2\/tags?post=3623"}],"curies":[{"name":"wp","href":"https:\/\/api.w.org\/{rel}","templated":true}]}}