
{"id":3624,"date":"2012-09-20T15:23:07","date_gmt":"2012-09-20T14:23:07","guid":{"rendered":"http:\/\/adamczewscy.pl\/?p=3624"},"modified":"2012-09-20T15:23:07","modified_gmt":"2012-09-20T14:23:07","slug":"dorsz-w-ciescie-piwnym","status":"publish","type":"post","link":"https:\/\/blog.polityka.pl\/adamczewski\/2012\/09\/20\/dorsz-w-ciescie-piwnym\/","title":{"rendered":"Dorsz w cie\u015bcie piwnym"},"content":{"rendered":"<p><em>50 dag filet\u00f3w z dorsza, bez sk\u00f3ry, 2 \u0142y\u017cki soku cytrynowego, pieprz, s\u00f3l<br \/>\nNa ciasto: szklanka z czubem m\u0105ki, jajko,1\/2 szklanki piwa, \u0142y\u017ceczka oleju, s\u00f3l<br \/>\nDo sma\u017cenia: ? szklanki oleju<\/em><\/p>\n<p>1. Przygotowa\u0107 ciasto: dok\u0142adnie zmiksowa\u0107 m\u0105k\u0119, piwo, \u017c\u00f3\u0142tko, i \u0142y\u017ceczk\u0119 oleju, Ubi\u0107 sztywn\u0105 pian\u0119 z bia\u0142ka, doda\u0107 do ciasta  ostro\u017cnie mieszaj\u0105c .<br \/>\n2. Filety umy\u0107, osuszy\u0107 kuchenn\u0105 papierow\u0105 \u015bciereczk\u0105 i pokroi\u0107 na mniejsze kawa\u0142ki.<br \/>\n3. Opr\u00f3szy\u0107 kawa\u0142ki ryby  pieprzem i sol\u0105, skropi\u0107  sokiem cytrynowym.<br \/>\n4. Rozgrz\u0105\u0107 na patelni olej. Kawa\u0142ki ryby zanurza\u0107 w cie\u015bcie i  sma\u017cy\u0107 na oleju  na z\u0142ocisto oko\u0142o 5 minut.<\/p>\n","protected":false},"excerpt":{"rendered":"<p>50 dag filet\u00f3w z dorsza, bez sk\u00f3ry, 2 \u0142y\u017cki soku cytrynowego, pieprz, s\u00f3l Na ciasto: szklanka z czubem m\u0105ki, jajko,1\/2 szklanki piwa, \u0142y\u017ceczka oleju, s\u00f3l Do sma\u017cenia: ? szklanki oleju 1. Przygotowa\u0107 ciasto: dok\u0142adnie zmiksowa\u0107 m\u0105k\u0119, piwo, \u017c\u00f3\u0142tko, i \u0142y\u017ceczk\u0119 oleju, Ubi\u0107 sztywn\u0105 pian\u0119 z bia\u0142ka, doda\u0107 do ciasta ostro\u017cnie mieszaj\u0105c . 2. Filety umy\u0107, [&hellip;]<\/p>\n","protected":false},"author":2,"featured_media":0,"comment_status":"open","ping_status":"open","sticky":false,"template":"","format":"standard","meta":{"footnotes":""},"categories":[1],"tags":[],"_links":{"self":[{"href":"https:\/\/blog.polityka.pl\/adamczewski\/wp-json\/wp\/v2\/posts\/3624"}],"collection":[{"href":"https:\/\/blog.polityka.pl\/adamczewski\/wp-json\/wp\/v2\/posts"}],"about":[{"href":"https:\/\/blog.polityka.pl\/adamczewski\/wp-json\/wp\/v2\/types\/post"}],"author":[{"embeddable":true,"href":"https:\/\/blog.polityka.pl\/adamczewski\/wp-json\/wp\/v2\/users\/2"}],"replies":[{"embeddable":true,"href":"https:\/\/blog.polityka.pl\/adamczewski\/wp-json\/wp\/v2\/comments?post=3624"}],"version-history":[{"count":0,"href":"https:\/\/blog.polityka.pl\/adamczewski\/wp-json\/wp\/v2\/posts\/3624\/revisions"}],"wp:attachment":[{"href":"https:\/\/blog.polityka.pl\/adamczewski\/wp-json\/wp\/v2\/media?parent=3624"}],"wp:term":[{"taxonomy":"category","embeddable":true,"href":"https:\/\/blog.polityka.pl\/adamczewski\/wp-json\/wp\/v2\/categories?post=3624"},{"taxonomy":"post_tag","embeddable":true,"href":"https:\/\/blog.polityka.pl\/adamczewski\/wp-json\/wp\/v2\/tags?post=3624"}],"curies":[{"name":"wp","href":"https:\/\/api.w.org\/{rel}","templated":true}]}}