
{"id":3645,"date":"2012-10-18T15:35:29","date_gmt":"2012-10-18T14:35:29","guid":{"rendered":"http:\/\/adamczewscy.pl\/?p=3645"},"modified":"2012-10-18T15:35:29","modified_gmt":"2012-10-18T14:35:29","slug":"czerwona-kapusta-z-gruszka","status":"publish","type":"post","link":"https:\/\/blog.polityka.pl\/adamczewski\/2012\/10\/18\/czerwona-kapusta-z-gruszka\/","title":{"rendered":"Czerwona kapusta z gruszk\u0105"},"content":{"rendered":"<p><em>Po\u0142\u00f3wka \u015bredniej czerwonej kapusty, du\u017ca gruszka, 2 \u0142y\u017cki rodzynek, sok z 1\/2 du\u017cej  cytryny, 2 \u0142y\u017cki oliwy z oliwek, s\u00f3l, cukier, pieprz<\/em><\/p>\n<p>1. Kapust\u0119 posieka\u0107 bardzo drobno lub zetrze\u0107 na grubej tarce jarzynowej, wrzuci\u0107 na wrz\u0105c\u0105, lekko posolon\u0105 wod\u0119 i  blanszowa\u0107  4 minuty, po czym wyla\u0107 na durszlak, odcedzi\u0107, prze\u0142o\u017cy\u0107 do salaterki i skropi\u0107 cytrynowym sokiem. Ostudzi\u0107.<br \/>\n2. Gruszk\u0119 bez obierania ze sk\u00f3rki pokroi\u0107 w drobn\u0105 kostk\u0119, doda\u0107 do kapusty, doprawi\u0107 sol\u0105, cukrem i pieprzem. Wymiesza\u0107 oliw\u0119 z jak najdrobniej posiekanym koperkiem i sosem pola\u0107 kapust\u0119, doda\u0107 umyte rodzynki. Wymiesza\u0107.<\/p>\n","protected":false},"excerpt":{"rendered":"<p>Po\u0142\u00f3wka \u015bredniej czerwonej kapusty, du\u017ca gruszka, 2 \u0142y\u017cki rodzynek, sok z 1\/2 du\u017cej cytryny, 2 \u0142y\u017cki oliwy z oliwek, s\u00f3l, cukier, pieprz 1. Kapust\u0119 posieka\u0107 bardzo drobno lub zetrze\u0107 na grubej tarce jarzynowej, wrzuci\u0107 na wrz\u0105c\u0105, lekko posolon\u0105 wod\u0119 i blanszowa\u0107 4 minuty, po czym wyla\u0107 na durszlak, odcedzi\u0107, prze\u0142o\u017cy\u0107 do salaterki i skropi\u0107 cytrynowym [&hellip;]<\/p>\n","protected":false},"author":2,"featured_media":0,"comment_status":"open","ping_status":"open","sticky":false,"template":"","format":"standard","meta":{"footnotes":""},"categories":[1],"tags":[],"_links":{"self":[{"href":"https:\/\/blog.polityka.pl\/adamczewski\/wp-json\/wp\/v2\/posts\/3645"}],"collection":[{"href":"https:\/\/blog.polityka.pl\/adamczewski\/wp-json\/wp\/v2\/posts"}],"about":[{"href":"https:\/\/blog.polityka.pl\/adamczewski\/wp-json\/wp\/v2\/types\/post"}],"author":[{"embeddable":true,"href":"https:\/\/blog.polityka.pl\/adamczewski\/wp-json\/wp\/v2\/users\/2"}],"replies":[{"embeddable":true,"href":"https:\/\/blog.polityka.pl\/adamczewski\/wp-json\/wp\/v2\/comments?post=3645"}],"version-history":[{"count":0,"href":"https:\/\/blog.polityka.pl\/adamczewski\/wp-json\/wp\/v2\/posts\/3645\/revisions"}],"wp:attachment":[{"href":"https:\/\/blog.polityka.pl\/adamczewski\/wp-json\/wp\/v2\/media?parent=3645"}],"wp:term":[{"taxonomy":"category","embeddable":true,"href":"https:\/\/blog.polityka.pl\/adamczewski\/wp-json\/wp\/v2\/categories?post=3645"},{"taxonomy":"post_tag","embeddable":true,"href":"https:\/\/blog.polityka.pl\/adamczewski\/wp-json\/wp\/v2\/tags?post=3645"}],"curies":[{"name":"wp","href":"https:\/\/api.w.org\/{rel}","templated":true}]}}