
{"id":365,"date":"2007-11-14T08:00:15","date_gmt":"2007-11-14T07:00:15","guid":{"rendered":"http:\/\/adamczewski.blog.polityka.pl\/?p=365"},"modified":"2007-11-14T08:00:15","modified_gmt":"2007-11-14T07:00:15","slug":"zgadnij-co-gotujemy66","status":"publish","type":"post","link":"https:\/\/blog.polityka.pl\/adamczewski\/2007\/11\/14\/zgadnij-co-gotujemy66\/","title":{"rendered":"Zgadnij co gotujemy?(66)"},"content":{"rendered":"<p>Nigdy dotychczas (je\u015bli pami\u0119\u0107 mnie nie zawodzi, ale wiem, \u017ce je\u015bli si\u0119 myl\u0119 to blogowicze mi to wytkn\u0105) nie by\u0142o quizu na tematy wina. Cho\u0107 felieton\u00f3w i komentarzy winnych nie brakuje. No to dzi\u015b nadrobimy \u00f3w mankament. Oto pytania:<\/p>\n<p>1. Ludzie filmu &#8211; aktorzy, re\u017cyserzy &#8211; coraz cz\u0119\u015bciej zajmuj\u0105 si\u0119 biznesem poza filmowym. Niekt\u00f3rzy z nich, jak znany na tym blogu Marek Kondrat, zajmuj\u0105 si\u0119 importem i sprzeda\u017c\u0105 win, inni &#8211; w bardziej sprzyjaj\u0105cych okoliczno\u015bciach przyrody &#8211; zak\u0142adaj\u0105 winnice. Prosz\u0119 wymieni\u0107 cho\u0107 jedno nazwisko filmowca-winiarza.<\/p>\n<p>2. Jednym z najbardziej znanych (i drogich) winiarzy ameryka\u0144skich nosi polskie nazwisko. Dla u\u0142atwienia dodam, \u017ce dostarcza on cz\u0119sto wina do Bia\u0142ego Domu. Kto to jest?<br \/>\n3. Czy jest g\u00f3rna granica zawarto\u015bci alkoholu w winie, je\u015bli tak, to ile ona wynosi?<br \/>\nChyba nie s\u0105 to zbyt trudne pytania. Kto pierwszy przy\u015ble prawid\u0142owe odpowiedzi (na adres: internet@polityka.com.pl) ten otrzyma ksi\u0105\u017ck\u0119 Wies\u0142awa W\u0142adyki ?Polityka i jej ludzie? z autografem autora i moimi \u017cyczeniami. Za zwyci\u0119zc\u0119 pozostali cz\u0142onkowie naszej grupy wznios\u0105 wieczorem toast najlepszym winem posiadanym w domu.<\/p>\n<p>Czekam wi\u0119c na listy.<\/p>\n","protected":false},"excerpt":{"rendered":"<p>Nigdy dotychczas (je\u015bli pami\u0119\u0107 mnie nie zawodzi, ale wiem, \u017ce je\u015bli si\u0119 myl\u0119 to blogowicze mi to wytkn\u0105) nie by\u0142o quizu na tematy wina. Cho\u0107 felieton\u00f3w i komentarzy winnych nie brakuje. No to dzi\u015b nadrobimy \u00f3w mankament. Oto pytania: 1. Ludzie filmu &#8211; aktorzy, re\u017cyserzy &#8211; coraz cz\u0119\u015bciej zajmuj\u0105 si\u0119 biznesem poza filmowym. Niekt\u00f3rzy z [&hellip;]<\/p>\n","protected":false},"author":2,"featured_media":0,"comment_status":"open","ping_status":"open","sticky":false,"template":"","format":"standard","meta":{"footnotes":""},"categories":[1],"tags":[],"_links":{"self":[{"href":"https:\/\/blog.polityka.pl\/adamczewski\/wp-json\/wp\/v2\/posts\/365"}],"collection":[{"href":"https:\/\/blog.polityka.pl\/adamczewski\/wp-json\/wp\/v2\/posts"}],"about":[{"href":"https:\/\/blog.polityka.pl\/adamczewski\/wp-json\/wp\/v2\/types\/post"}],"author":[{"embeddable":true,"href":"https:\/\/blog.polityka.pl\/adamczewski\/wp-json\/wp\/v2\/users\/2"}],"replies":[{"embeddable":true,"href":"https:\/\/blog.polityka.pl\/adamczewski\/wp-json\/wp\/v2\/comments?post=365"}],"version-history":[{"count":0,"href":"https:\/\/blog.polityka.pl\/adamczewski\/wp-json\/wp\/v2\/posts\/365\/revisions"}],"wp:attachment":[{"href":"https:\/\/blog.polityka.pl\/adamczewski\/wp-json\/wp\/v2\/media?parent=365"}],"wp:term":[{"taxonomy":"category","embeddable":true,"href":"https:\/\/blog.polityka.pl\/adamczewski\/wp-json\/wp\/v2\/categories?post=365"},{"taxonomy":"post_tag","embeddable":true,"href":"https:\/\/blog.polityka.pl\/adamczewski\/wp-json\/wp\/v2\/tags?post=365"}],"curies":[{"name":"wp","href":"https:\/\/api.w.org\/{rel}","templated":true}]}}