
{"id":366,"date":"2007-11-09T12:34:18","date_gmt":"2007-11-09T11:34:18","guid":{"rendered":"http:\/\/adamczewski.blog.polityka.pl\/?p=366"},"modified":"2007-11-20T14:34:45","modified_gmt":"2007-11-20T13:34:45","slug":"szklo-kontaktowe-od-kuchni","status":"publish","type":"post","link":"https:\/\/blog.polityka.pl\/adamczewski\/2007\/11\/09\/szklo-kontaktowe-od-kuchni\/","title":{"rendered":"Szk\u0142o kontaktowe od kuchni"},"content":{"rendered":"<p>Rozmowa z Markiem Przybylikiem, dziennikarzem, wsp\u00f3\u0142prowadz\u0105cym &#8222;Szk\u0142o kontaktowe&#8221; o jego pasji, czyli ogrodzie warzywnym.<br \/>\n<object width=\"425\" height=\"355\"><param name=\"movie\" value=\"http:\/\/www.youtube.com\/v\/7705zSSYCaY&#038;rel=1\"><\/param><param name=\"wmode\" value=\"transparent\"><\/param><embed src=\"http:\/\/www.youtube.com\/v\/7705zSSYCaY&#038;rel=1\" type=\"application\/x-shockwave-flash\" wmode=\"transparent\" width=\"425\" height=\"355\"><\/embed><\/object><\/p>\n","protected":false},"excerpt":{"rendered":"<p>Rozmowa z Markiem Przybylikiem, dziennikarzem, wsp\u00f3\u0142prowadz\u0105cym &#8222;Szk\u0142o kontaktowe&#8221; o jego pasji, czyli ogrodzie warzywnym.<\/p>\n","protected":false},"author":2,"featured_media":0,"comment_status":"open","ping_status":"open","sticky":false,"template":"","format":"standard","meta":{"footnotes":""},"categories":[1],"tags":[],"_links":{"self":[{"href":"https:\/\/blog.polityka.pl\/adamczewski\/wp-json\/wp\/v2\/posts\/366"}],"collection":[{"href":"https:\/\/blog.polityka.pl\/adamczewski\/wp-json\/wp\/v2\/posts"}],"about":[{"href":"https:\/\/blog.polityka.pl\/adamczewski\/wp-json\/wp\/v2\/types\/post"}],"author":[{"embeddable":true,"href":"https:\/\/blog.polityka.pl\/adamczewski\/wp-json\/wp\/v2\/users\/2"}],"replies":[{"embeddable":true,"href":"https:\/\/blog.polityka.pl\/adamczewski\/wp-json\/wp\/v2\/comments?post=366"}],"version-history":[{"count":0,"href":"https:\/\/blog.polityka.pl\/adamczewski\/wp-json\/wp\/v2\/posts\/366\/revisions"}],"wp:attachment":[{"href":"https:\/\/blog.polityka.pl\/adamczewski\/wp-json\/wp\/v2\/media?parent=366"}],"wp:term":[{"taxonomy":"category","embeddable":true,"href":"https:\/\/blog.polityka.pl\/adamczewski\/wp-json\/wp\/v2\/categories?post=366"},{"taxonomy":"post_tag","embeddable":true,"href":"https:\/\/blog.polityka.pl\/adamczewski\/wp-json\/wp\/v2\/tags?post=366"}],"curies":[{"name":"wp","href":"https:\/\/api.w.org\/{rel}","templated":true}]}}