
{"id":370,"date":"2007-11-16T13:08:18","date_gmt":"2007-11-16T12:08:18","guid":{"rendered":"http:\/\/adamczewski.blog.polityka.pl\/?p=370"},"modified":"2007-11-20T14:34:29","modified_gmt":"2007-11-20T13:34:29","slug":"kulinarne-pasje-piotra-adamczewskiego-3","status":"publish","type":"post","link":"https:\/\/blog.polityka.pl\/adamczewski\/2007\/11\/16\/kulinarne-pasje-piotra-adamczewskiego-3\/","title":{"rendered":"Kulinarne pasje Piotra Adamczewskiego (3)"},"content":{"rendered":"<p>Polak potrafi, filmowiec tym bardziej. Jak zdobywano posi\u0142ki za PRL-u? Co mo\u017cna by\u0142o ugotowa\u0107 w umywalce? Jak z \u017celazka zrobi\u0107 grill i kiedy kura awansuje na ba\u017canta? O tym wszystkim opowiada przyjaciel i s\u0105siad Piotra Adamczewskiego, Andrzej Hali\u0144ski, wybitny scenograf filmowy, wsp\u00f3\u0142autor sukcesu takich seriali, jak m.in. &#8222;Rodzina Po\u0142anieckich&#8221;, &#8222;Lalka&#8221; czy &#8222;Ogniem i Mieczem&#8221;.<br \/>\n<object width=\"425\" height=\"355\"><param name=\"movie\" value=\"http:\/\/www.youtube.com\/v\/FLqr_7PGGFI&#038;rel=1\"><\/param><param name=\"wmode\" value=\"transparent\"><\/param><embed src=\"http:\/\/www.youtube.com\/v\/FLqr_7PGGFI&#038;rel=1\" type=\"application\/x-shockwave-flash\" wmode=\"transparent\" width=\"425\" height=\"355\"><\/embed><\/object><\/p>\n","protected":false},"excerpt":{"rendered":"<p>Polak potrafi, filmowiec tym bardziej. Jak zdobywano posi\u0142ki za PRL-u? Co mo\u017cna by\u0142o ugotowa\u0107 w umywalce? Jak z \u017celazka zrobi\u0107 grill i kiedy kura awansuje na ba\u017canta? O tym wszystkim opowiada przyjaciel i s\u0105siad Piotra Adamczewskiego, Andrzej Hali\u0144ski, wybitny scenograf filmowy, wsp\u00f3\u0142autor sukcesu takich seriali, jak m.in. &#8222;Rodzina Po\u0142anieckich&#8221;, &#8222;Lalka&#8221; czy &#8222;Ogniem i Mieczem&#8221;.<\/p>\n","protected":false},"author":2,"featured_media":0,"comment_status":"open","ping_status":"open","sticky":false,"template":"","format":"standard","meta":{"footnotes":""},"categories":[1],"tags":[],"_links":{"self":[{"href":"https:\/\/blog.polityka.pl\/adamczewski\/wp-json\/wp\/v2\/posts\/370"}],"collection":[{"href":"https:\/\/blog.polityka.pl\/adamczewski\/wp-json\/wp\/v2\/posts"}],"about":[{"href":"https:\/\/blog.polityka.pl\/adamczewski\/wp-json\/wp\/v2\/types\/post"}],"author":[{"embeddable":true,"href":"https:\/\/blog.polityka.pl\/adamczewski\/wp-json\/wp\/v2\/users\/2"}],"replies":[{"embeddable":true,"href":"https:\/\/blog.polityka.pl\/adamczewski\/wp-json\/wp\/v2\/comments?post=370"}],"version-history":[{"count":0,"href":"https:\/\/blog.polityka.pl\/adamczewski\/wp-json\/wp\/v2\/posts\/370\/revisions"}],"wp:attachment":[{"href":"https:\/\/blog.polityka.pl\/adamczewski\/wp-json\/wp\/v2\/media?parent=370"}],"wp:term":[{"taxonomy":"category","embeddable":true,"href":"https:\/\/blog.polityka.pl\/adamczewski\/wp-json\/wp\/v2\/categories?post=370"},{"taxonomy":"post_tag","embeddable":true,"href":"https:\/\/blog.polityka.pl\/adamczewski\/wp-json\/wp\/v2\/tags?post=370"}],"curies":[{"name":"wp","href":"https:\/\/api.w.org\/{rel}","templated":true}]}}