
{"id":3740,"date":"2012-01-18T08:00:00","date_gmt":"2012-01-18T07:00:00","guid":{"rendered":"http:\/\/adamczewski.blog.polityka.pl\/?p=3740"},"modified":"2012-01-16T19:51:01","modified_gmt":"2012-01-16T18:51:01","slug":"zgadnij-co-gotujemy-104","status":"publish","type":"post","link":"https:\/\/blog.polityka.pl\/adamczewski\/2012\/01\/18\/zgadnij-co-gotujemy-104\/","title":{"rendered":"Zgadnij co gotujemy"},"content":{"rendered":"<p>Dzi\u015b\u00a0&#8211; po raz pierwszy\u00a0&#8211; quiz obrazkowy. W epoce cywilizacji obrazkowej ka\u017cde medium musi si\u0119 do wymog\u00f3w chwili dostosowa\u0107. Aby sta\u0107 si\u0119 w\u0142a\u015bcicielem ksi\u0119gi\u00a0\u00a0\u00a0 te\u017c bogato zilustrowanej i pe\u0142nej przepis\u00f3w a napisanej przez Jamiego Olivera wystarczy tym razem rozpozna\u0107 co przedstawiaj\u0105 fotografie i\u00a0 odpowiedzi wys\u0142a\u0107\u00a0 na adres <a href=\"mailto:internet@polityka.com.pl\">internet@polityka.com.pl<\/a>\u00a0 Oto zdj\u0119ciopytania:<\/p>\n<p>1. Co to le\u017cy na straganie?<\/p>\n<p><a href=\"\/wp-content\/uploads\/2012\/01\/Smaqczne-cho\u0107-trudne-w-jedzeniu.jpg\"><img loading=\"lazy\" decoding=\"async\" class=\"aligncenter size-medium wp-image-3741\" title=\"Smaqczne cho\u0107 trudne w jedzeniu\" src=\"\/wp-content\/uploads\/2012\/01\/Smaqczne-cho\u0107-trudne-w-jedzeniu-300x225.jpg\" alt=\"\" width=\"300\" height=\"225\" srcset=\"\/adamczewski\/wp-content\/uploads\/2012\/01\/Smaqczne-cho\u0107-trudne-w-jedzeniu-300x225.jpg 300w, \/adamczewski\/wp-content\/uploads\/2012\/01\/Smaqczne-cho\u0107-trudne-w-jedzeniu.jpg 640w\" sizes=\"(max-width: 300px) 100vw, 300px\" \/><\/a><\/p>\n<p>2. A\u00a0 co to na p\u00f3\u0142misku?<\/p>\n<p><a href=\"\/wp-content\/uploads\/2012\/01\/Gruzja-na-stole.jpg\"><img loading=\"lazy\" decoding=\"async\" class=\"aligncenter size-medium wp-image-3742\" title=\"Gruzja na stole\" src=\"\/wp-content\/uploads\/2012\/01\/Gruzja-na-stole-225x300.jpg\" alt=\"\" width=\"225\" height=\"300\" srcset=\"\/adamczewski\/wp-content\/uploads\/2012\/01\/Gruzja-na-stole-225x300.jpg 225w, \/adamczewski\/wp-content\/uploads\/2012\/01\/Gruzja-na-stole.jpg 360w\" sizes=\"(max-width: 225px) 100vw, 225px\" \/><\/a><\/p>\n<p>3.I jeszcze co jest na tym zdj\u0119ciu?<\/p>\n<p><a href=\"\/wp-content\/uploads\/2012\/01\/Barcelona-kopytka-diab\u0142a.jpg\"><img loading=\"lazy\" decoding=\"async\" class=\"aligncenter size-medium wp-image-3743\" title=\"Barcelona kopytka diab\u0142a\" src=\"\/wp-content\/uploads\/2012\/01\/Barcelona-kopytka-diab\u0142a-300x225.jpg\" alt=\"\" width=\"300\" height=\"225\" srcset=\"\/adamczewski\/wp-content\/uploads\/2012\/01\/Barcelona-kopytka-diab\u0142a-300x225.jpg 300w, \/adamczewski\/wp-content\/uploads\/2012\/01\/Barcelona-kopytka-diab\u0142a.jpg 640w\" sizes=\"(max-width: 300px) 100vw, 300px\" \/><\/a><\/p>\n<p>Teraz prosz\u0119 o szybkie wys\u0142anie odpowiedzi i gruba\u015bne dzie\u0142o zostanie wyekspediowany pod wskazany adres.<\/p>\n","protected":false},"excerpt":{"rendered":"<p>Dzi\u015b\u00a0&#8211; po raz pierwszy\u00a0&#8211; quiz obrazkowy. W epoce cywilizacji obrazkowej ka\u017cde medium musi si\u0119 do wymog\u00f3w chwili dostosowa\u0107. Aby sta\u0107 si\u0119 w\u0142a\u015bcicielem ksi\u0119gi\u00a0\u00a0\u00a0 te\u017c bogato zilustrowanej i pe\u0142nej przepis\u00f3w a napisanej przez Jamiego Olivera wystarczy tym razem rozpozna\u0107 co przedstawiaj\u0105 fotografie i\u00a0 odpowiedzi wys\u0142a\u0107\u00a0 na adres internet@polityka.com.pl\u00a0 Oto zdj\u0119ciopytania: 1. Co to le\u017cy na straganie? [&hellip;]<\/p>\n","protected":false},"author":2,"featured_media":0,"comment_status":"open","ping_status":"open","sticky":false,"template":"","format":"standard","meta":{"footnotes":""},"categories":[1],"tags":[],"_links":{"self":[{"href":"https:\/\/blog.polityka.pl\/adamczewski\/wp-json\/wp\/v2\/posts\/3740"}],"collection":[{"href":"https:\/\/blog.polityka.pl\/adamczewski\/wp-json\/wp\/v2\/posts"}],"about":[{"href":"https:\/\/blog.polityka.pl\/adamczewski\/wp-json\/wp\/v2\/types\/post"}],"author":[{"embeddable":true,"href":"https:\/\/blog.polityka.pl\/adamczewski\/wp-json\/wp\/v2\/users\/2"}],"replies":[{"embeddable":true,"href":"https:\/\/blog.polityka.pl\/adamczewski\/wp-json\/wp\/v2\/comments?post=3740"}],"version-history":[{"count":3,"href":"https:\/\/blog.polityka.pl\/adamczewski\/wp-json\/wp\/v2\/posts\/3740\/revisions"}],"predecessor-version":[{"id":3764,"href":"https:\/\/blog.polityka.pl\/adamczewski\/wp-json\/wp\/v2\/posts\/3740\/revisions\/3764"}],"wp:attachment":[{"href":"https:\/\/blog.polityka.pl\/adamczewski\/wp-json\/wp\/v2\/media?parent=3740"}],"wp:term":[{"taxonomy":"category","embeddable":true,"href":"https:\/\/blog.polityka.pl\/adamczewski\/wp-json\/wp\/v2\/categories?post=3740"},{"taxonomy":"post_tag","embeddable":true,"href":"https:\/\/blog.polityka.pl\/adamczewski\/wp-json\/wp\/v2\/tags?post=3740"}],"curies":[{"name":"wp","href":"https:\/\/api.w.org\/{rel}","templated":true}]}}