
{"id":3758,"date":"2012-01-19T08:00:16","date_gmt":"2012-01-19T07:00:16","guid":{"rendered":"http:\/\/adamczewski.blog.polityka.pl\/?p=3758"},"modified":"2012-01-19T08:28:31","modified_gmt":"2012-01-19T07:28:31","slug":"coraz-ciszej-brzecza-pszczoly","status":"publish","type":"post","link":"https:\/\/blog.polityka.pl\/adamczewski\/2012\/01\/19\/coraz-ciszej-brzecza-pszczoly\/","title":{"rendered":"Coraz ciszej brz\u0119cz\u0105 pszczo\u0142y"},"content":{"rendered":"<p><a href=\"\/wp-content\/uploads\/2012\/01\/pszczo\u0142a.jpg\"><img loading=\"lazy\" decoding=\"async\" class=\"alignleft size-medium wp-image-3761\" title=\"pszczo\u0142a\" src=\"\/wp-content\/uploads\/2012\/01\/pszczo\u0142a-300x200.jpg\" alt=\"\" width=\"300\" height=\"200\" srcset=\"\/adamczewski\/wp-content\/uploads\/2012\/01\/pszczo\u0142a-300x200.jpg 300w, \/adamczewski\/wp-content\/uploads\/2012\/01\/pszczo\u0142a.jpg 454w\" sizes=\"(max-width: 300px) 100vw, 300px\" \/><\/a>\u00a0Wprawdzie do pierwszych oblot\u00f3w jeszcze par\u0119 tygodni ale nawet w marcu\u00a0&#8211; gdy pszczo\u0142y wychodz\u0105 z uli, by znale\u017a\u0107 pokarm\u00a0&#8211; brz\u0119czenie tych miododajnych owad\u00f3w b\u0119dzie s\u0142ycha\u0107 ciszej ni\u017c w poprzednim roku.<br \/>\nOd lat 90. pszczelarze na \u015bwiecie obserwuj\u0105 bardzo niepokoj\u0105ce zjawisko:<br \/>\nwymieranie i znikanie pszcz\u00f3\u0142. Drastyczny skok \u015bmiertelno\u015bci zosta\u0142 odnotowany w latach 2006\u00a0&#8211; 2007 w Ameryce P\u00f3\u0142nocnej, gdzie wygin\u0119\u0142a<br \/>\nnagle jedna trzecia pszcz\u00f3\u0142. W Europie od kilku lat zjawisko nasila si\u0119, a naukowcy oraz organizacje ekologiczne bij\u0105 na alarm.<br \/>\nZdaniem uczonych badaj\u0105cych ten problem w\u015br\u00f3d przyczyn zag\u0142ady pasiek s\u0105 m.in.:\u00a0 bakterie, wirusy, paso\u017cyty\u00a0&#8211; jeden z najbardziej niebezpiecznych to warroza, a tak\u017ce grzyby np. nosema cerenae; pestycydy takie jak neonikotynoidy, kt\u00f3re stosowane s\u0105 w \u015brodkach zabezpieczaj\u0105cych uprawy (nawet ich niewielkie u\u017cycie powoduje u pszcz\u00f3\u0142 dezorientacj\u0119, utrat\u0119 pami\u0119ci lub \u015bmiertelne zatrucie); brak po\u017cywienia i utrata naturalnych siedlisk, kt\u00f3rych powodem s\u0105 rolnictwo przemys\u0142owe, a tak\u017ce rozrost miast; brak bior\u00f3\u017cnorodno\u015bci oraz wielkie, monokulturowe obszary rolnicze (cz\u0119sto obficie wspomagane chemi\u0105 i pestycydami). W 2008 roku w Badenii-Wirtembergii podczas siewu ro\u015blin pokrytych zapraw\u0105 owadob\u00f3jcz\u0105, zawieraj\u0105c\u0105 substancj\u0119 aktywn\u0105 chlotianidyn\u0119, zgin\u0119\u0142o oko\u0142o 300 milion\u00f3w pszcz\u00f3\u0142. Podobne sytuacje mia\u0142y miejsce r\u00f3wnie\u017c we Francji.<\/p>\n<p>Spadek liczebno\u015bci pszcz\u00f3\u0142 ma powa\u017cne skutki dla gospodarki. Ostatnie dane dotycz\u0105ce UE pochodz\u0105 z 1989 r., gdy w jej sk\u0142ad wchodzi\u0142o 12 cz\u0142onk\u00f3w, warto\u015b\u0107 zapylania przez pszczo\u0142y miodne tylko 30 upraw szacowano na 4,25 miliarda dzisiejszych euro rocznie. W Polsce ze sprzeda\u017cy miodu uzyskuje si\u0119 400 mln z\u0142otych. Za\u015b warto\u015b\u0107 warzyw i owoc\u00f3w, kt\u00f3re powstaj\u0105 dzi\u0119ki trudowi pszcz\u00f3\u0142\u00a0 szacuje si\u0119 na 6 mld z\u0142. Znikni\u0119cie pasiek\u00a0&#8211; jak wida\u0107\u00a0&#8211; to by\u0142by powa\u017cny ubytek w ekonomii kraju.<br \/>\nA\u017c 80 procent ro\u015blin na ziemi to gatunki owadopylne.\u00a0 Pszcz\u00f3\u0142 zast\u0105pi\u0107 si\u0119 nie da. (Pewne pr\u00f3by w tej mierze czynione s\u0105 w Chinach. Ludzie\u00a0 zapylaj\u0105 tam sady. Jeden Chi\u0144czyk jest w stanie zapyli\u0107 dziennie do 30 drzew lub krzew\u00f3w.) Coraz wyra\u017aniej wida\u0107, \u017ce \u015bmier\u0107 pszcz\u00f3\u0142 grozi\u00a0 za\u0142amaniem \u015bwiatowego rynku \u017cywno\u015bci. Kolejnym gatunkiem skazanym na zag\u0142ad\u0119 b\u0119dzie\u00a0 w\u00f3wczas cz\u0142owiek.<\/p>\n","protected":false},"excerpt":{"rendered":"<p>\u00a0Wprawdzie do pierwszych oblot\u00f3w jeszcze par\u0119 tygodni ale nawet w marcu\u00a0&#8211; gdy pszczo\u0142y wychodz\u0105 z uli, by znale\u017a\u0107 pokarm\u00a0&#8211; brz\u0119czenie tych miododajnych owad\u00f3w b\u0119dzie s\u0142ycha\u0107 ciszej ni\u017c w poprzednim roku. Od lat 90. pszczelarze na \u015bwiecie obserwuj\u0105 bardzo niepokoj\u0105ce zjawisko: wymieranie i znikanie pszcz\u00f3\u0142. Drastyczny skok \u015bmiertelno\u015bci zosta\u0142 odnotowany w latach 2006\u00a0&#8211; 2007 w Ameryce [&hellip;]<\/p>\n","protected":false},"author":2,"featured_media":0,"comment_status":"open","ping_status":"open","sticky":false,"template":"","format":"standard","meta":{"footnotes":""},"categories":[1],"tags":[],"_links":{"self":[{"href":"https:\/\/blog.polityka.pl\/adamczewski\/wp-json\/wp\/v2\/posts\/3758"}],"collection":[{"href":"https:\/\/blog.polityka.pl\/adamczewski\/wp-json\/wp\/v2\/posts"}],"about":[{"href":"https:\/\/blog.polityka.pl\/adamczewski\/wp-json\/wp\/v2\/types\/post"}],"author":[{"embeddable":true,"href":"https:\/\/blog.polityka.pl\/adamczewski\/wp-json\/wp\/v2\/users\/2"}],"replies":[{"embeddable":true,"href":"https:\/\/blog.polityka.pl\/adamczewski\/wp-json\/wp\/v2\/comments?post=3758"}],"version-history":[{"count":6,"href":"https:\/\/blog.polityka.pl\/adamczewski\/wp-json\/wp\/v2\/posts\/3758\/revisions"}],"predecessor-version":[{"id":3760,"href":"https:\/\/blog.polityka.pl\/adamczewski\/wp-json\/wp\/v2\/posts\/3758\/revisions\/3760"}],"wp:attachment":[{"href":"https:\/\/blog.polityka.pl\/adamczewski\/wp-json\/wp\/v2\/media?parent=3758"}],"wp:term":[{"taxonomy":"category","embeddable":true,"href":"https:\/\/blog.polityka.pl\/adamczewski\/wp-json\/wp\/v2\/categories?post=3758"},{"taxonomy":"post_tag","embeddable":true,"href":"https:\/\/blog.polityka.pl\/adamczewski\/wp-json\/wp\/v2\/tags?post=3758"}],"curies":[{"name":"wp","href":"https:\/\/api.w.org\/{rel}","templated":true}]}}