
{"id":3777,"date":"2012-01-25T08:00:09","date_gmt":"2012-01-25T07:00:09","guid":{"rendered":"http:\/\/adamczewski.blog.polityka.pl\/?p=3777"},"modified":"2012-01-19T14:06:21","modified_gmt":"2012-01-19T13:06:21","slug":"zgadnij-co-gotujemy-105","status":"publish","type":"post","link":"https:\/\/blog.polityka.pl\/adamczewski\/2012\/01\/25\/zgadnij-co-gotujemy-105\/","title":{"rendered":"Zgadnij co gotujemy"},"content":{"rendered":"<p><a href=\"\/wp-content\/uploads\/2012\/01\/passa_ksiazka.jpg\"><img loading=\"lazy\" decoding=\"async\" class=\"aligncenter size-medium wp-image-3778\" title=\"passa_ksiazka\" src=\"\/wp-content\/uploads\/2012\/01\/passa_ksiazka-186x300.jpg\" alt=\"\" width=\"186\" height=\"300\" srcset=\"\/adamczewski\/wp-content\/uploads\/2012\/01\/passa_ksiazka-186x300.jpg 186w, \/adamczewski\/wp-content\/uploads\/2012\/01\/passa_ksiazka.jpg 299w\" sizes=\"(max-width: 186px) 100vw, 186px\" \/><\/a><\/p>\n<p>Dzi\u015b nagroda niezwyk\u0142a, bo ksi\u0105\u017cka kt\u00f3rej jeszcze nie ma w sprzeda\u017cy. To wywiad-rzeka z Danielem Passentem przeprowadzony przez Jana Ordy\u0144skiego. Wiem, \u017ce na blogu jest spora grupa sympatyk\u00f3w Daniela wi\u0119c jego spowied\u017a \u017cycia (jak sam okre\u015bli\u0142 t\u0119 ksi\u0105\u017ck\u0119) i to opatrzona autografem, b\u0119dzie chyba nagrod\u0105\u00a0 atrakcyjn\u0105.<br \/>\n\u00a0\u00a0\u00a0\u00a0\u00a0\u00a0\u00a0\u00a0\u00a0 Na ok\u0142adce Daniel Passent wyznaje: &#8222;Kiedy pi\u0119\u0107 lat temu urodzi\u0142 si\u0119 m\u00f3j wnuk, Kubu\u015b, rozp\u0142aka\u0142em\u00a0\u00a0 si\u0119 ze szcz\u0119\u015bcia. Dosta\u0142em od \u017cycia wszystko. Pora na rachunek. W gazetach pe\u0142no jest ludzi, kt\u00f3rzy wystawiaj\u0105 rachunki innym. W\u0142asnych nie reguluj\u0105. Ja uwa\u017cam, \u017ce czas si\u0119 pakowa\u0107. Od pewnego momentu Agnieszka Osiecka mia\u0142a w swoim pokoju ma\u0142e zielone pude\u0142ko, a w nim najwa\u017cniejsze dokumenty: metryk\u0119 urodzenia, za\u015bwiadczenie z banku, akt w\u0142asno\u015bci mieszkania. Ta ksi\u0105\u017cka to moje zielone pude\u0142ko.&#8221;<br \/>\nDrugi cytat to epitety i komplementy, kt\u00f3rymi Passenta najcz\u0119\u015bciej obdarzali wrogowie i przyjaciele:\u00a0&#8221; Klasyk \/ legenda polskiego dziennikarstwa \/ publicysta stanu wojennego\/denerwuj\u0105cy felietonista\/ towarzysz Szmaciak \/ kr\u0119tacz unio \/ najlepszy polski dziennikarz powojenny \/ najbardziej znany polski publicysta \/ \u017ca\u0142o\u015bniak \/ b\u0119dzie w podr\u0119cznikach i encyklopediach \/ najbardziej popularny autor &#8222;Polityki&#8221;<br \/>\n\/ najlepszy autor Kabaretu Pod Egid\u0105 \/ koryfeusz felietonu \/ najlepszy felietonista w rankingu &#8222;Press&#8221; 2011&#8243;<\/p>\n<p>Us\u0142ysza\u0142em opini\u0119, \u017ce ta ksi\u0105\u017cka to najbardziej szczere wyznania cz\u0142owieka decyduj\u0105cego si\u0119 na opowie\u015b\u0107 o swoim \u017cyciu. Aby j\u0105 otrzyma\u0107 nale\u017cy odpowiedzie\u0107 na trzy kulinarne pytania\u00a0i je\u00a0wys\u0142a\u0107\u00a0 na adres <a href=\"mailto:internet@polityka.com.pl\">internet@polityka.com.pl<\/a>\u00a0 Oto pytania zwi\u0105zane z krajami, w kt\u00f3rych mieszka\u0142 autor opowie\u015bci:<\/p>\n<p>1. Co to za danie\u00a0&#8211; pastel del choclo?<\/p>\n<p>2. Z czego robione jest niemieckie danie zwane Himmel und Erde?<\/p>\n<p>3. Czym wyr\u00f3\u017cnia si\u0119 Virginia ham spo\u015br\u00f3d innych szynek robionych w Europie (w tym i w Polsce)?<\/p>\n<p>Teraz prosz\u0119 o szybkie wys\u0142anie odpowiedzi i\u00a0 dzie\u0142o zostanie wyekspediowany pod wskazany adres.<\/p>\n","protected":false},"excerpt":{"rendered":"<p>Dzi\u015b nagroda niezwyk\u0142a, bo ksi\u0105\u017cka kt\u00f3rej jeszcze nie ma w sprzeda\u017cy. To wywiad-rzeka z Danielem Passentem przeprowadzony przez Jana Ordy\u0144skiego. Wiem, \u017ce na blogu jest spora grupa sympatyk\u00f3w Daniela wi\u0119c jego spowied\u017a \u017cycia (jak sam okre\u015bli\u0142 t\u0119 ksi\u0105\u017ck\u0119) i to opatrzona autografem, b\u0119dzie chyba nagrod\u0105\u00a0 atrakcyjn\u0105. \u00a0\u00a0\u00a0\u00a0\u00a0\u00a0\u00a0\u00a0\u00a0 Na ok\u0142adce Daniel Passent wyznaje: &#8222;Kiedy pi\u0119\u0107 lat [&hellip;]<\/p>\n","protected":false},"author":2,"featured_media":0,"comment_status":"open","ping_status":"open","sticky":false,"template":"","format":"standard","meta":{"footnotes":""},"categories":[1],"tags":[],"_links":{"self":[{"href":"https:\/\/blog.polityka.pl\/adamczewski\/wp-json\/wp\/v2\/posts\/3777"}],"collection":[{"href":"https:\/\/blog.polityka.pl\/adamczewski\/wp-json\/wp\/v2\/posts"}],"about":[{"href":"https:\/\/blog.polityka.pl\/adamczewski\/wp-json\/wp\/v2\/types\/post"}],"author":[{"embeddable":true,"href":"https:\/\/blog.polityka.pl\/adamczewski\/wp-json\/wp\/v2\/users\/2"}],"replies":[{"embeddable":true,"href":"https:\/\/blog.polityka.pl\/adamczewski\/wp-json\/wp\/v2\/comments?post=3777"}],"version-history":[{"count":3,"href":"https:\/\/blog.polityka.pl\/adamczewski\/wp-json\/wp\/v2\/posts\/3777\/revisions"}],"predecessor-version":[{"id":3780,"href":"https:\/\/blog.polityka.pl\/adamczewski\/wp-json\/wp\/v2\/posts\/3777\/revisions\/3780"}],"wp:attachment":[{"href":"https:\/\/blog.polityka.pl\/adamczewski\/wp-json\/wp\/v2\/media?parent=3777"}],"wp:term":[{"taxonomy":"category","embeddable":true,"href":"https:\/\/blog.polityka.pl\/adamczewski\/wp-json\/wp\/v2\/categories?post=3777"},{"taxonomy":"post_tag","embeddable":true,"href":"https:\/\/blog.polityka.pl\/adamczewski\/wp-json\/wp\/v2\/tags?post=3777"}],"curies":[{"name":"wp","href":"https:\/\/api.w.org\/{rel}","templated":true}]}}