
{"id":3829,"date":"2012-02-01T08:00:05","date_gmt":"2012-02-01T07:00:05","guid":{"rendered":"http:\/\/adamczewski.blog.polityka.pl\/?p=3829"},"modified":"2012-01-31T10:20:46","modified_gmt":"2012-01-31T09:20:46","slug":"zgadnij-co-gotujemy-106","status":"publish","type":"post","link":"https:\/\/blog.polityka.pl\/adamczewski\/2012\/02\/01\/zgadnij-co-gotujemy-106\/","title":{"rendered":"Zgadnij co gotujemy"},"content":{"rendered":"<p>\u00a0<\/p>\n<p>Dzi\u015b nagrod\u0105 jest ksi\u0105\u017cka gwiazdy kuchni brytyjskiej Nigela Slatera pt. &#8222;Tost Historia ch\u0142opi\u0119cego g\u0142odu&#8221;. Pisa\u0142em o tej ksi\u0105\u017cce do\u015b\u0107 krytycznie. Nie jest ona jednak pozbawiona\u00a0 warto\u015bci, ma spor\u0105 grup\u0119 czytelnik\u00f3w i nawet powsta\u0142 film na jej podstawie. Dlatego te\u017c przeznaczam j\u0105 na nagrod\u0119 w quizie.<br \/>\nA oto pytania, na kt\u00f3re trzeba odpowiedzie\u0107, by ksi\u0105\u017cka trafi\u0142a pod wskazany adres:<\/p>\n<p>1. W kt\u00f3rej cz\u0119\u015bci Wielkiej Brytanii hotch-potch uznawane jest za danie narodowe ?<\/p>\n<p>2. Do s\u0142ynnego christmas plum pudding dodaje si\u0119 kilka gatunk\u00f3w alkoholu; wymie\u0144\u00a0cho\u0107\u00a0 dwa z nich?<\/p>\n<p>3. Z\u00a0 jakiego mi\u0119sa robiona jest oxtail soup?<\/p>\n<p>Teraz prosz\u0119 o szybkie wys\u0142anie odpowiedzi na znany adres czyli <a href=\"mailto:internet@polityka.com.pl\">internet@polityka.com.pl<\/a>\u00a0 i dzie\u0142ko zostanie wyekspediowane pod wskazany adres.<\/p>\n","protected":false},"excerpt":{"rendered":"<p>\u00a0 Dzi\u015b nagrod\u0105 jest ksi\u0105\u017cka gwiazdy kuchni brytyjskiej Nigela Slatera pt. &#8222;Tost Historia ch\u0142opi\u0119cego g\u0142odu&#8221;. Pisa\u0142em o tej ksi\u0105\u017cce do\u015b\u0107 krytycznie. Nie jest ona jednak pozbawiona\u00a0 warto\u015bci, ma spor\u0105 grup\u0119 czytelnik\u00f3w i nawet powsta\u0142 film na jej podstawie. Dlatego te\u017c przeznaczam j\u0105 na nagrod\u0119 w quizie. A oto pytania, na kt\u00f3re trzeba odpowiedzie\u0107, by ksi\u0105\u017cka [&hellip;]<\/p>\n","protected":false},"author":2,"featured_media":0,"comment_status":"open","ping_status":"open","sticky":false,"template":"","format":"standard","meta":{"footnotes":""},"categories":[1],"tags":[],"_links":{"self":[{"href":"https:\/\/blog.polityka.pl\/adamczewski\/wp-json\/wp\/v2\/posts\/3829"}],"collection":[{"href":"https:\/\/blog.polityka.pl\/adamczewski\/wp-json\/wp\/v2\/posts"}],"about":[{"href":"https:\/\/blog.polityka.pl\/adamczewski\/wp-json\/wp\/v2\/types\/post"}],"author":[{"embeddable":true,"href":"https:\/\/blog.polityka.pl\/adamczewski\/wp-json\/wp\/v2\/users\/2"}],"replies":[{"embeddable":true,"href":"https:\/\/blog.polityka.pl\/adamczewski\/wp-json\/wp\/v2\/comments?post=3829"}],"version-history":[{"count":4,"href":"https:\/\/blog.polityka.pl\/adamczewski\/wp-json\/wp\/v2\/posts\/3829\/revisions"}],"predecessor-version":[{"id":3868,"href":"https:\/\/blog.polityka.pl\/adamczewski\/wp-json\/wp\/v2\/posts\/3829\/revisions\/3868"}],"wp:attachment":[{"href":"https:\/\/blog.polityka.pl\/adamczewski\/wp-json\/wp\/v2\/media?parent=3829"}],"wp:term":[{"taxonomy":"category","embeddable":true,"href":"https:\/\/blog.polityka.pl\/adamczewski\/wp-json\/wp\/v2\/categories?post=3829"},{"taxonomy":"post_tag","embeddable":true,"href":"https:\/\/blog.polityka.pl\/adamczewski\/wp-json\/wp\/v2\/tags?post=3829"}],"curies":[{"name":"wp","href":"https:\/\/api.w.org\/{rel}","templated":true}]}}