
{"id":3870,"date":"2012-02-08T08:00:58","date_gmt":"2012-02-08T07:00:58","guid":{"rendered":"http:\/\/adamczewski.blog.polityka.pl\/?p=3870"},"modified":"2012-01-31T13:54:51","modified_gmt":"2012-01-31T12:54:51","slug":"zgadnij-co-gotujemy-107","status":"publish","type":"post","link":"https:\/\/blog.polityka.pl\/adamczewski\/2012\/02\/08\/zgadnij-co-gotujemy-107\/","title":{"rendered":"Zgadnij co gotujemy"},"content":{"rendered":"<p><a href=\"\/wp-content\/uploads\/2012\/02\/blogszwaja.jpg\"><img loading=\"lazy\" decoding=\"async\" class=\"aligncenter size-medium wp-image-3874\" title=\"blogszwaja\" src=\"\/wp-content\/uploads\/2012\/02\/blogszwaja-210x300.jpg\" alt=\"\" width=\"210\" height=\"300\" srcset=\"\/adamczewski\/wp-content\/uploads\/2012\/02\/blogszwaja-210x300.jpg 210w, \/adamczewski\/wp-content\/uploads\/2012\/02\/blogszwaja.jpg 336w\" sizes=\"(max-width: 210px) 100vw, 210px\" \/><\/a><\/p>\n<p>Dzi\u015b nagrod\u0105 jest najnowsza ksi\u0105\u017cka naszej blogowej kole\u017canki. \u0141\u0105czy ona w sobie talent reporterski\u00a0 z warsztatem pisarki beletrystycznej. Przedstawia zawi\u0142e losy dwu r\u00f3\u017cnych rodzin i prowadzi czytelnika przez g\u0105szcz wydarze\u0144 cz\u0119sto dramatycznych, nawet budz\u0105cych groz\u0119 ale jest te\u017c szczypta patriotyzmu, nie brak perypetii sercowych\u00a0 i\u00a0&#8211; jak to u tej autorki\u00a0&#8211; poczucia humoru. W ko\u0144cu te ca\u0142kiem r\u00f3\u017cne rodziny spotykaj\u0105 si\u0119 w zupe\u0142nie nieoczekiwany spos\u00f3b i w nieoczekiwanym miejscu. W\u00f3wczas te\u017c opowie\u015b\u0107 mo\u017cna zako\u0144czy\u0107. Nie popsuj\u0119 zwyci\u0119zcy przyjemno\u015bci lektury je\u015bli dodam, \u017ce fina\u0142 jest optymistyczny. Przy jakiej\u015b okazji us\u0142ysza\u0142em, \u017ce mimo licznych wysi\u0142k\u00f3w, by kt\u00f3ra\u015b z ksi\u0105\u017cek ko\u0144czy\u0142a si\u0119 dramatem, opowie\u015b\u0107 wymyka si\u0119 pisarce spod kontroli i samodzielnie zmierza do radosnego zako\u0144czenia. Ku\u00a0&#8211; jak s\u0105dz\u0119 &#8211; rado\u015bci czytelnik\u00f3w.<br \/>\n&#8222;Matka wszystkich lalek&#8221; obfituje te\u017c w liczne opisy zastawionego sto\u0142u. Prezentowane za\u015b na nim s\u0105\u00a0&#8211; z wielkim znawstwem tematu &#8211; potrawy francuskie, polskie, \u015bl\u0105skie. Nie b\u0119dzie zaskoczeniem dla nikogo fakt, \u017ce specjalne podzi\u0119kowania z\u0142o\u017cy\u0142a autorka kanadyjskiej Alicji, kt\u00f3ra wprowadzi\u0142a j\u0105 w tajniki projektowania i wykonywania na drutach sukni, czapek, p\u0142aszczy i innych cud\u00f3w, kt\u00f3re mo\u017cemy ogl\u0105da\u0107 w katalogu artystki zza oceanu.\u00a0<br \/>\nA oto pytania, na kt\u00f3re trzeba odpowiedzie\u0107 by ksi\u0105\u017cka trafi\u0142a pod wskazany adres:<\/p>\n<p>1.Jak si\u0119 nazywaj\u0105 i z czego s\u0105 robione najpopularniejsze placuszki w Bretanii?<\/p>\n<p>2.Co si\u0119 kryje pod nazw\u0105 nudelzupa?<\/p>\n<p>3.Czego (na og\u00f3\u0142) brakuje Polakowi jedz\u0105cemu klasyczne \u015bniadanie we Francji?<\/p>\n<p>Teraz prosz\u0119 o szybkie wys\u0142anie odpowiedzi na znany adres czyli <a href=\"mailto:internet@polityka.com.pl\">internet@polityka.com.pl<\/a>\u00a0 i dzie\u0142ko zostanie wyekspediowane pod wskazany adres.<\/p>\n","protected":false},"excerpt":{"rendered":"<p>Dzi\u015b nagrod\u0105 jest najnowsza ksi\u0105\u017cka naszej blogowej kole\u017canki. \u0141\u0105czy ona w sobie talent reporterski\u00a0 z warsztatem pisarki beletrystycznej. Przedstawia zawi\u0142e losy dwu r\u00f3\u017cnych rodzin i prowadzi czytelnika przez g\u0105szcz wydarze\u0144 cz\u0119sto dramatycznych, nawet budz\u0105cych groz\u0119 ale jest te\u017c szczypta patriotyzmu, nie brak perypetii sercowych\u00a0 i\u00a0&#8211; jak to u tej autorki\u00a0&#8211; poczucia humoru. W ko\u0144cu te [&hellip;]<\/p>\n","protected":false},"author":2,"featured_media":0,"comment_status":"open","ping_status":"open","sticky":false,"template":"","format":"standard","meta":{"footnotes":""},"categories":[1],"tags":[],"_links":{"self":[{"href":"https:\/\/blog.polityka.pl\/adamczewski\/wp-json\/wp\/v2\/posts\/3870"}],"collection":[{"href":"https:\/\/blog.polityka.pl\/adamczewski\/wp-json\/wp\/v2\/posts"}],"about":[{"href":"https:\/\/blog.polityka.pl\/adamczewski\/wp-json\/wp\/v2\/types\/post"}],"author":[{"embeddable":true,"href":"https:\/\/blog.polityka.pl\/adamczewski\/wp-json\/wp\/v2\/users\/2"}],"replies":[{"embeddable":true,"href":"https:\/\/blog.polityka.pl\/adamczewski\/wp-json\/wp\/v2\/comments?post=3870"}],"version-history":[{"count":5,"href":"https:\/\/blog.polityka.pl\/adamczewski\/wp-json\/wp\/v2\/posts\/3870\/revisions"}],"predecessor-version":[{"id":3876,"href":"https:\/\/blog.polityka.pl\/adamczewski\/wp-json\/wp\/v2\/posts\/3870\/revisions\/3876"}],"wp:attachment":[{"href":"https:\/\/blog.polityka.pl\/adamczewski\/wp-json\/wp\/v2\/media?parent=3870"}],"wp:term":[{"taxonomy":"category","embeddable":true,"href":"https:\/\/blog.polityka.pl\/adamczewski\/wp-json\/wp\/v2\/categories?post=3870"},{"taxonomy":"post_tag","embeddable":true,"href":"https:\/\/blog.polityka.pl\/adamczewski\/wp-json\/wp\/v2\/tags?post=3870"}],"curies":[{"name":"wp","href":"https:\/\/api.w.org\/{rel}","templated":true}]}}