
{"id":39,"date":"2006-09-20T10:14:11","date_gmt":"2006-09-20T08:14:11","guid":{"rendered":"http:\/\/adamczewski.blog.polityka.pl\/?p=39"},"modified":"2006-09-20T10:14:11","modified_gmt":"2006-09-20T08:14:11","slug":"zgadnij-co-gotujemy-6","status":"publish","type":"post","link":"https:\/\/blog.polityka.pl\/adamczewski\/2006\/09\/20\/zgadnij-co-gotujemy-6\/","title":{"rendered":"Zgadnij co gotujemy (6)"},"content":{"rendered":"<p>Oto kolejna porcja pyta\u0144. Pierwsza prawid\u0142owa odpowied\u017a\u00a0 b\u0119dzie nagrodzona jedn\u0105 z moich ksi\u0105\u017cek z dedykacj\u0105\u00a0i autografem dla zwyci\u0119zcy. Tym razem b\u0119dzie to &#8222;Rok na stole&#8221; wydany przez Nowy \u015awiat par\u0119 miesi\u0119cy temu.<br \/>\n\u00a0<br \/>\n<strong>\u017babnica<\/strong> to: \u00a0<br \/>\n\u00a0\u00a0<strong>a<\/strong>) w\u00f3dka korea\u0144ska z zielon\u0105 \u017cabk\u0105 w \u015brodku,<br \/>\n\u00a0\u00a0<strong>b<\/strong>) \u0142y\u017cka z przykryweczk\u0105 (w kszta\u0142cie \u017caby) do wyci\u0105gania ma\u0142\u017cy z rondla,<br \/>\n\u00a0\u00a0<strong>c<\/strong>) ryba, zwana tak\u017ce diab\u0142em morskim, charakteryzuj\u0105ca si\u0119 wielkim \u0142bem i bardzo smacznym mi\u0119sem.<br \/>\n\u00a0<br \/>\n<strong>Arak<\/strong> to:<br \/>\n\u00a0\u00a0<strong>a<\/strong>) w\u00f3dka z soku palmy kokosowej lub daktylowej,<br \/>\n\u00a0\u00a0<strong>b<\/strong>) zupa z szyjek rakowych,<br \/>\n\u00a0\u00a0<strong>c<\/strong>) kosz-pu\u0142apka do \u0142owienia rak\u00f3w.<br \/>\n\u00a0<br \/>\n<strong>Kulawka<\/strong> to:<br \/>\n\u00a0\u00a0<strong>a<\/strong>) ro\u015blina str\u0105czkowa przypominaj\u0105ca groch,<br \/>\n\u00a0\u00a0<strong>b<\/strong>) ptak \u017cyj\u0105cy na \u0142\u0105kach, odci\u0105gaj\u0105cy zwierz\u0119ta zagra\u017caj\u0105ce gniazdu, kulej\u0105c podczas ucieczki,<br \/>\n\u00a0\u00a0<strong>c<\/strong>) kielich bez podstawki zmuszaj\u0105cy ucztuj\u0105cego do wypijania trunku a\u017c do dna.<\/p>\n<p>Odpowiedzi prosimy przesy\u0142a\u0107 na adres <a href=\"mailto:internet@polityka.com.pl\"><strong>internet@polityka.com.pl<\/strong><\/a><\/p>\n","protected":false},"excerpt":{"rendered":"<p>Oto kolejna porcja pyta\u0144. Pierwsza prawid\u0142owa odpowied\u017a\u00a0 b\u0119dzie nagrodzona jedn\u0105 z moich ksi\u0105\u017cek z dedykacj\u0105\u00a0i autografem dla zwyci\u0119zcy. Tym razem b\u0119dzie to &#8222;Rok na stole&#8221; wydany przez Nowy \u015awiat par\u0119 miesi\u0119cy temu. \u00a0 \u017babnica to: \u00a0 \u00a0\u00a0a) w\u00f3dka korea\u0144ska z zielon\u0105 \u017cabk\u0105 w \u015brodku, \u00a0\u00a0b) \u0142y\u017cka z przykryweczk\u0105 (w kszta\u0142cie \u017caby) do wyci\u0105gania ma\u0142\u017cy z [&hellip;]<\/p>\n","protected":false},"author":2,"featured_media":0,"comment_status":"open","ping_status":"open","sticky":false,"template":"","format":"standard","meta":{"footnotes":""},"categories":[1],"tags":[],"_links":{"self":[{"href":"https:\/\/blog.polityka.pl\/adamczewski\/wp-json\/wp\/v2\/posts\/39"}],"collection":[{"href":"https:\/\/blog.polityka.pl\/adamczewski\/wp-json\/wp\/v2\/posts"}],"about":[{"href":"https:\/\/blog.polityka.pl\/adamczewski\/wp-json\/wp\/v2\/types\/post"}],"author":[{"embeddable":true,"href":"https:\/\/blog.polityka.pl\/adamczewski\/wp-json\/wp\/v2\/users\/2"}],"replies":[{"embeddable":true,"href":"https:\/\/blog.polityka.pl\/adamczewski\/wp-json\/wp\/v2\/comments?post=39"}],"version-history":[{"count":0,"href":"https:\/\/blog.polityka.pl\/adamczewski\/wp-json\/wp\/v2\/posts\/39\/revisions"}],"wp:attachment":[{"href":"https:\/\/blog.polityka.pl\/adamczewski\/wp-json\/wp\/v2\/media?parent=39"}],"wp:term":[{"taxonomy":"category","embeddable":true,"href":"https:\/\/blog.polityka.pl\/adamczewski\/wp-json\/wp\/v2\/categories?post=39"},{"taxonomy":"post_tag","embeddable":true,"href":"https:\/\/blog.polityka.pl\/adamczewski\/wp-json\/wp\/v2\/tags?post=39"}],"curies":[{"name":"wp","href":"https:\/\/api.w.org\/{rel}","templated":true}]}}