
{"id":3945,"date":"2012-02-15T08:00:32","date_gmt":"2012-02-15T07:00:32","guid":{"rendered":"http:\/\/adamczewski.blog.polityka.pl\/?p=3945"},"modified":"2012-02-03T17:45:56","modified_gmt":"2012-02-03T16:45:56","slug":"zgadnij-co-gotujemy-108","status":"publish","type":"post","link":"https:\/\/blog.polityka.pl\/adamczewski\/2012\/02\/15\/zgadnij-co-gotujemy-108\/","title":{"rendered":"Zgadnij co gotujemy"},"content":{"rendered":"<p>\u00a0<a href=\"\/wp-content\/uploads\/2012\/02\/Ok\u0142adka.jpg\"><img loading=\"lazy\" decoding=\"async\" class=\"aligncenter size-medium wp-image-3947\" title=\"OLYMPUS DIGITAL CAMERA\" src=\"\/wp-content\/uploads\/2012\/02\/Ok\u0142adka-225x300.jpg\" alt=\"\" width=\"225\" height=\"300\" srcset=\"\/adamczewski\/wp-content\/uploads\/2012\/02\/Ok\u0142adka-225x300.jpg 225w, \/adamczewski\/wp-content\/uploads\/2012\/02\/Ok\u0142adka.jpg 360w\" sizes=\"(max-width: 225px) 100vw, 225px\" \/><\/a><\/p>\n<p>Od pewnego czasu zaczytuj\u0119 si\u0119 w starych ksi\u0105\u017ckach kucharskich. Cz\u0119sto te\u017c wykorzystuj\u0119 je w blogu. Dzi\u015b wertuj\u0119 po\u017c\u00f3\u0142k\u0142e stronice &#8222;Doskona\u0142ej gospodyni dla wsi i miasta&#8221;\u00a0&#8211; zbiorowe dzie\u0142ko Redakcyi Tygodnika M\u00f3d i Powie\u015bci wydane przez Teodora Paprockiego w roku 1882 w Warszawie. Ksi\u0105\u017ck\u0119 pieczo\u0142owicie o\u017cywi\u0142 (czyli uratowa\u0142 od rozsypania si\u0119 ca\u0142ego tomu i pokruszenia poszczeg\u00f3lnych stron) zaprzyja\u017aniony introligator-artysta Pan Zygmunt Drozdowski. Dzi\u0119ki niemu jeszcze par\u0119 pokole\u0144 mi\u0142o\u015bnik\u00f3w starej kuchni i starych ksi\u0105g b\u0119dzie mog\u0142o j\u0105 czyta\u0107. Z tej w\u0142a\u015bnie ksi\u0105\u017cki pochodz\u0105 dzisiejsze pytania. Nagrod\u0105 za\u015b za prawid\u0142owe odpowiedzi b\u0119dzie skrzy\u017cowanie ksi\u0105\u017cki kucharskiej z powie\u015bci\u0105 kryminaln\u0105 pt. &#8222;Morderstwo na deser&#8221;.<br \/>\nA oto pytania, na kt\u00f3re trzeba odpowiedzie\u0107 by ksi\u0105\u017cka trafi\u0142a pod wskazany adres:<\/p>\n<p>1.Co si\u0119 kryje pod nazw\u0105 blaman\u017c?<\/p>\n<p>2.A co to takiego baumkuchen?<\/p>\n<p>3.Kreski to\u00a0&#8230; ?<\/p>\n<p>Teraz prosz\u0119 o szybkie wys\u0142anie odpowiedzi na znany adres czyli <a href=\"mailto:internet@polityka.com.pl\">internet@polityka.com.pl<\/a>\u00a0 i dzie\u0142ko zostanie wyekspediowane pod wskazany adres.<\/p>\n","protected":false},"excerpt":{"rendered":"<p>\u00a0 Od pewnego czasu zaczytuj\u0119 si\u0119 w starych ksi\u0105\u017ckach kucharskich. Cz\u0119sto te\u017c wykorzystuj\u0119 je w blogu. Dzi\u015b wertuj\u0119 po\u017c\u00f3\u0142k\u0142e stronice &#8222;Doskona\u0142ej gospodyni dla wsi i miasta&#8221;\u00a0&#8211; zbiorowe dzie\u0142ko Redakcyi Tygodnika M\u00f3d i Powie\u015bci wydane przez Teodora Paprockiego w roku 1882 w Warszawie. Ksi\u0105\u017ck\u0119 pieczo\u0142owicie o\u017cywi\u0142 (czyli uratowa\u0142 od rozsypania si\u0119 ca\u0142ego tomu i pokruszenia poszczeg\u00f3lnych [&hellip;]<\/p>\n","protected":false},"author":2,"featured_media":0,"comment_status":"open","ping_status":"open","sticky":false,"template":"","format":"standard","meta":{"footnotes":""},"categories":[1],"tags":[],"_links":{"self":[{"href":"https:\/\/blog.polityka.pl\/adamczewski\/wp-json\/wp\/v2\/posts\/3945"}],"collection":[{"href":"https:\/\/blog.polityka.pl\/adamczewski\/wp-json\/wp\/v2\/posts"}],"about":[{"href":"https:\/\/blog.polityka.pl\/adamczewski\/wp-json\/wp\/v2\/types\/post"}],"author":[{"embeddable":true,"href":"https:\/\/blog.polityka.pl\/adamczewski\/wp-json\/wp\/v2\/users\/2"}],"replies":[{"embeddable":true,"href":"https:\/\/blog.polityka.pl\/adamczewski\/wp-json\/wp\/v2\/comments?post=3945"}],"version-history":[{"count":3,"href":"https:\/\/blog.polityka.pl\/adamczewski\/wp-json\/wp\/v2\/posts\/3945\/revisions"}],"predecessor-version":[{"id":3948,"href":"https:\/\/blog.polityka.pl\/adamczewski\/wp-json\/wp\/v2\/posts\/3945\/revisions\/3948"}],"wp:attachment":[{"href":"https:\/\/blog.polityka.pl\/adamczewski\/wp-json\/wp\/v2\/media?parent=3945"}],"wp:term":[{"taxonomy":"category","embeddable":true,"href":"https:\/\/blog.polityka.pl\/adamczewski\/wp-json\/wp\/v2\/categories?post=3945"},{"taxonomy":"post_tag","embeddable":true,"href":"https:\/\/blog.polityka.pl\/adamczewski\/wp-json\/wp\/v2\/tags?post=3945"}],"curies":[{"name":"wp","href":"https:\/\/api.w.org\/{rel}","templated":true}]}}