
{"id":399,"date":"2007-12-28T07:46:47","date_gmt":"2007-12-28T06:46:47","guid":{"rendered":"http:\/\/adamczewski.blog.polityka.pl\/?p=399"},"modified":"2007-12-28T07:47:30","modified_gmt":"2007-12-28T06:47:30","slug":"karol-okrasa-bawie-sie-kuchnia-video","status":"publish","type":"post","link":"https:\/\/blog.polityka.pl\/adamczewski\/2007\/12\/28\/karol-okrasa-bawie-sie-kuchnia-video\/","title":{"rendered":"Karol Okrasa: bawi\u0119 si\u0119 kuchni\u0105!"},"content":{"rendered":"<p><em>&#8211; Chyba jestem za m\u0142ody jak na szefa, ale bior\u0119 byka za rogi i bawi\u0119 si\u0119 kuchni\u0105<\/em> &#8211; m\u00f3wi Piotrowi Adamczewskiemu Karol Okrasa, szef kuchni w hotelu Bristol, a zarazem najm\u0142odszy szef kuchni w Warszawie.<br \/>\n<object width=\"425\" height=\"355\"><param name=\"movie\" value=\"http:\/\/www.youtube.com\/v\/23IX4JfdhgA&#038;rel=1\"><\/param><param name=\"wmode\" value=\"transparent\"><\/param><embed src=\"http:\/\/www.youtube.com\/v\/23IX4JfdhgA&#038;rel=1\" type=\"application\/x-shockwave-flash\" wmode=\"transparent\" width=\"425\" height=\"355\"><\/embed><\/object><\/p>\n","protected":false},"excerpt":{"rendered":"<p>&#8211; Chyba jestem za m\u0142ody jak na szefa, ale bior\u0119 byka za rogi i bawi\u0119 si\u0119 kuchni\u0105 &#8211; m\u00f3wi Piotrowi Adamczewskiemu Karol Okrasa, szef kuchni w hotelu Bristol, a zarazem najm\u0142odszy szef kuchni w Warszawie.<\/p>\n","protected":false},"author":2,"featured_media":0,"comment_status":"open","ping_status":"open","sticky":false,"template":"","format":"standard","meta":{"footnotes":""},"categories":[1],"tags":[],"_links":{"self":[{"href":"https:\/\/blog.polityka.pl\/adamczewski\/wp-json\/wp\/v2\/posts\/399"}],"collection":[{"href":"https:\/\/blog.polityka.pl\/adamczewski\/wp-json\/wp\/v2\/posts"}],"about":[{"href":"https:\/\/blog.polityka.pl\/adamczewski\/wp-json\/wp\/v2\/types\/post"}],"author":[{"embeddable":true,"href":"https:\/\/blog.polityka.pl\/adamczewski\/wp-json\/wp\/v2\/users\/2"}],"replies":[{"embeddable":true,"href":"https:\/\/blog.polityka.pl\/adamczewski\/wp-json\/wp\/v2\/comments?post=399"}],"version-history":[{"count":0,"href":"https:\/\/blog.polityka.pl\/adamczewski\/wp-json\/wp\/v2\/posts\/399\/revisions"}],"wp:attachment":[{"href":"https:\/\/blog.polityka.pl\/adamczewski\/wp-json\/wp\/v2\/media?parent=399"}],"wp:term":[{"taxonomy":"category","embeddable":true,"href":"https:\/\/blog.polityka.pl\/adamczewski\/wp-json\/wp\/v2\/categories?post=399"},{"taxonomy":"post_tag","embeddable":true,"href":"https:\/\/blog.polityka.pl\/adamczewski\/wp-json\/wp\/v2\/tags?post=399"}],"curies":[{"name":"wp","href":"https:\/\/api.w.org\/{rel}","templated":true}]}}