
{"id":3990,"date":"2012-02-22T08:00:48","date_gmt":"2012-02-22T07:00:48","guid":{"rendered":"http:\/\/adamczewski.blog.polityka.pl\/?p=3990"},"modified":"2012-02-22T08:30:17","modified_gmt":"2012-02-22T07:30:17","slug":"zgadnij-co-gotujemy-109","status":"publish","type":"post","link":"https:\/\/blog.polityka.pl\/adamczewski\/2012\/02\/22\/zgadnij-co-gotujemy-109\/","title":{"rendered":"Zgadnij co gotujemy"},"content":{"rendered":"<p>\u00a0W tym tygodniu a\u017c dwa razy b\u0119dziemy mieli okazj\u0119 do porozmawiania o serach. Warto temu tematowi po\u015bwi\u0119ci\u0107 wi\u0119cej uwagi, bo sery to pyszny produkt. I taki r\u00f3\u017cnorodny. Ka\u017cdy smakosz na pewno znajdzie co\u015b, co b\u0119dzie mu odpowiada\u0107. Wielki wyb\u00f3r ser\u00f3w zach\u0119ci\u0142 mnie do tego, by i nagroda by\u0142a do wyboru. Wysy\u0142aj\u0105c odpowiedzi na trzy pytania prosz\u0119 zaznaczy\u0107 jak\u0105 nagrod\u0119 chce si\u0119 w zamian, a mo\u017ce to by\u0107 albo krymina\u0142 z serii wydanej przez &#8222;Polityk\u0119&#8221; albo ksi\u0105\u017cka z kanonu literatury polskiej tak\u017ce opublikowanej przez nasz dom wydawniczy.<br \/>\nA teraz pytania:<\/p>\n<p>1.W jakiej porze roku produkowane s\u0105 autentyczne owcze oscypki?<\/p>\n<p>2. W jakim regionie produkowany jest najs\u0142ynniejszy francuski ser z niebiesk\u0105 (jak kto woli to zielon\u0105) ple\u015bni\u0105?<\/p>\n<p>3. Z jakiego mleka robiona jest klasyczna mozzarella?<\/p>\n<p>Teraz prosz\u0119 o szybkie wys\u0142anie odpowiedzi na znany adres czyli <a href=\"mailto:internet@polityka.com.pl\">internet@polityka.com.pl<\/a>\u00a0 i wybrane dzie\u0142ko zostanie wyekspediowane pod wskazany adres.<\/p>\n","protected":false},"excerpt":{"rendered":"<p>\u00a0W tym tygodniu a\u017c dwa razy b\u0119dziemy mieli okazj\u0119 do porozmawiania o serach. Warto temu tematowi po\u015bwi\u0119ci\u0107 wi\u0119cej uwagi, bo sery to pyszny produkt. I taki r\u00f3\u017cnorodny. Ka\u017cdy smakosz na pewno znajdzie co\u015b, co b\u0119dzie mu odpowiada\u0107. Wielki wyb\u00f3r ser\u00f3w zach\u0119ci\u0142 mnie do tego, by i nagroda by\u0142a do wyboru. Wysy\u0142aj\u0105c odpowiedzi na trzy pytania [&hellip;]<\/p>\n","protected":false},"author":2,"featured_media":0,"comment_status":"open","ping_status":"open","sticky":false,"template":"","format":"standard","meta":{"footnotes":""},"categories":[1],"tags":[],"_links":{"self":[{"href":"https:\/\/blog.polityka.pl\/adamczewski\/wp-json\/wp\/v2\/posts\/3990"}],"collection":[{"href":"https:\/\/blog.polityka.pl\/adamczewski\/wp-json\/wp\/v2\/posts"}],"about":[{"href":"https:\/\/blog.polityka.pl\/adamczewski\/wp-json\/wp\/v2\/types\/post"}],"author":[{"embeddable":true,"href":"https:\/\/blog.polityka.pl\/adamczewski\/wp-json\/wp\/v2\/users\/2"}],"replies":[{"embeddable":true,"href":"https:\/\/blog.polityka.pl\/adamczewski\/wp-json\/wp\/v2\/comments?post=3990"}],"version-history":[{"count":3,"href":"https:\/\/blog.polityka.pl\/adamczewski\/wp-json\/wp\/v2\/posts\/3990\/revisions"}],"predecessor-version":[{"id":4029,"href":"https:\/\/blog.polityka.pl\/adamczewski\/wp-json\/wp\/v2\/posts\/3990\/revisions\/4029"}],"wp:attachment":[{"href":"https:\/\/blog.polityka.pl\/adamczewski\/wp-json\/wp\/v2\/media?parent=3990"}],"wp:term":[{"taxonomy":"category","embeddable":true,"href":"https:\/\/blog.polityka.pl\/adamczewski\/wp-json\/wp\/v2\/categories?post=3990"},{"taxonomy":"post_tag","embeddable":true,"href":"https:\/\/blog.polityka.pl\/adamczewski\/wp-json\/wp\/v2\/tags?post=3990"}],"curies":[{"name":"wp","href":"https:\/\/api.w.org\/{rel}","templated":true}]}}