
{"id":4039,"date":"2012-02-29T08:00:15","date_gmt":"2012-02-29T07:00:15","guid":{"rendered":"http:\/\/adamczewski.blog.polityka.pl\/?p=4039"},"modified":"2012-02-24T15:59:26","modified_gmt":"2012-02-24T14:59:26","slug":"zgadnij-co-gotujemy-111","status":"publish","type":"post","link":"https:\/\/blog.polityka.pl\/adamczewski\/2012\/02\/29\/zgadnij-co-gotujemy-111\/","title":{"rendered":"Zgadnij co gotujemy"},"content":{"rendered":"<p>W tym tygodniu zn\u00f3w nagrody do wyboru. Ale prosz\u0119 nie zapominajcie wysy\u0142aj\u0105c odpowiedzi zaznacza\u0107, kt\u00f3r\u0105 nagrod\u0119 chce si\u0119 w zamian. I tym razem\u00a0 mo\u017ce to by\u0107 albo krymina\u0142 z serii wydanej przez &#8222;Polityk\u0119&#8221; albo ksi\u0105\u017cka z kanonu literatury polskiej, tak\u017ce opublikowanej przez nasz dom wydawniczy, lub te\u017c ksi\u0105\u017cka autorstwa naszej kole\u017canki (z autografem, kt\u00f3ry wy\u0142udzi\u0142em przy okazji ostatniego spotkania).<br \/>\nA teraz pytania:<\/p>\n<p>1.Co to jest sago?<\/p>\n<p>2. A kto pami\u0119ta co to takiego tapioka?<\/p>\n<p>3. Sorgo za\u015b to&#8230; ?<\/p>\n<p>Teraz prosz\u0119 o szybkie wys\u0142anie odpowiedzi na znany adres czyli <a href=\"mailto:internet@polityka.com.pl\">internet@polityka.com.pl<\/a>\u00a0 i wybrane dzie\u0142ko zostanie wyekspediowane pod wskazany adres.<\/p>\n","protected":false},"excerpt":{"rendered":"<p>W tym tygodniu zn\u00f3w nagrody do wyboru. Ale prosz\u0119 nie zapominajcie wysy\u0142aj\u0105c odpowiedzi zaznacza\u0107, kt\u00f3r\u0105 nagrod\u0119 chce si\u0119 w zamian. I tym razem\u00a0 mo\u017ce to by\u0107 albo krymina\u0142 z serii wydanej przez &#8222;Polityk\u0119&#8221; albo ksi\u0105\u017cka z kanonu literatury polskiej, tak\u017ce opublikowanej przez nasz dom wydawniczy, lub te\u017c ksi\u0105\u017cka autorstwa naszej kole\u017canki (z autografem, kt\u00f3ry wy\u0142udzi\u0142em [&hellip;]<\/p>\n","protected":false},"author":2,"featured_media":0,"comment_status":"open","ping_status":"open","sticky":false,"template":"","format":"standard","meta":{"footnotes":""},"categories":[1],"tags":[],"_links":{"self":[{"href":"https:\/\/blog.polityka.pl\/adamczewski\/wp-json\/wp\/v2\/posts\/4039"}],"collection":[{"href":"https:\/\/blog.polityka.pl\/adamczewski\/wp-json\/wp\/v2\/posts"}],"about":[{"href":"https:\/\/blog.polityka.pl\/adamczewski\/wp-json\/wp\/v2\/types\/post"}],"author":[{"embeddable":true,"href":"https:\/\/blog.polityka.pl\/adamczewski\/wp-json\/wp\/v2\/users\/2"}],"replies":[{"embeddable":true,"href":"https:\/\/blog.polityka.pl\/adamczewski\/wp-json\/wp\/v2\/comments?post=4039"}],"version-history":[{"count":3,"href":"https:\/\/blog.polityka.pl\/adamczewski\/wp-json\/wp\/v2\/posts\/4039\/revisions"}],"predecessor-version":[{"id":4042,"href":"https:\/\/blog.polityka.pl\/adamczewski\/wp-json\/wp\/v2\/posts\/4039\/revisions\/4042"}],"wp:attachment":[{"href":"https:\/\/blog.polityka.pl\/adamczewski\/wp-json\/wp\/v2\/media?parent=4039"}],"wp:term":[{"taxonomy":"category","embeddable":true,"href":"https:\/\/blog.polityka.pl\/adamczewski\/wp-json\/wp\/v2\/categories?post=4039"},{"taxonomy":"post_tag","embeddable":true,"href":"https:\/\/blog.polityka.pl\/adamczewski\/wp-json\/wp\/v2\/tags?post=4039"}],"curies":[{"name":"wp","href":"https:\/\/api.w.org\/{rel}","templated":true}]}}