
{"id":407,"date":"2008-01-16T08:00:40","date_gmt":"2008-01-16T07:00:40","guid":{"rendered":"http:\/\/adamczewski.blog.polityka.pl\/?p=407"},"modified":"2008-01-10T12:42:38","modified_gmt":"2008-01-10T11:42:38","slug":"zgadnij-co-gotujemy73","status":"publish","type":"post","link":"https:\/\/blog.polityka.pl\/adamczewski\/2008\/01\/16\/zgadnij-co-gotujemy73\/","title":{"rendered":"Zgadnij co gotujemy?(73)"},"content":{"rendered":"<p>I znowu troch\u0119 rozrywki. I tym razem nagrod\u0105 za prawid\u0142owe rozwi\u0105zanie quizu b\u0119dzie ksi\u0105\u017cka z cyklu Encyklopedia Gotowania wydana przez oficyn\u0119 Pr\u00f3szy\u0144ski i S-ka. B\u0119d\u0105 to &#8222;Drugie dania&#8221; autorstwa Barbary Adamczewskiej.  Jak zwykle ksi\u0105\u017cka b\u0119dzie opatrzona autografem autorki i dedykacj\u0105 z moimi \u017cyczeniami.<\/p>\n<p>Dzi\u015b si\u0119gniemy do czas\u00f3w dawnej Rzeczpospolitej gdy Polska by\u0142a mocarstwem i \u017cy\u0142o w niej wiele narod\u00f3w, mo\u017ce nie zawsze do ko\u0144ca zgodnie ale cho\u0107 przy stole spokojnie. Z tamtej epoki zosta\u0142o w polskiej kuchni na pami\u0105tk\u0119 dobrych czas\u00f3w par\u0119 potraw.  Poszperajcie po encyklopediach i starych ksi\u0105\u017ckach i powiedzcie co kryje si\u0119 pod tymi nazwami.<\/p>\n<p>1. Co to jest szupienia?<br \/>\n2. Co to s\u0105 syczeniki?<br \/>\n3. Co to jest kreplach?<\/p>\n<p>Odpowiedzi nale\u017cy wysy\u0142a\u0107 na adres: internet@polityka.com.pl  No to do dzie\u0142a!<\/p>\n<p>Nie zwlekajcie z odpowiedzi\u0105. Ksi\u0105\u017cka czeka na wysy\u0142k\u0119.<\/p>\n","protected":false},"excerpt":{"rendered":"<p>I znowu troch\u0119 rozrywki. I tym razem nagrod\u0105 za prawid\u0142owe rozwi\u0105zanie quizu b\u0119dzie ksi\u0105\u017cka z cyklu Encyklopedia Gotowania wydana przez oficyn\u0119 Pr\u00f3szy\u0144ski i S-ka. B\u0119d\u0105 to &#8222;Drugie dania&#8221; autorstwa Barbary Adamczewskiej. Jak zwykle ksi\u0105\u017cka b\u0119dzie opatrzona autografem autorki i dedykacj\u0105 z moimi \u017cyczeniami. Dzi\u015b si\u0119gniemy do czas\u00f3w dawnej Rzeczpospolitej gdy Polska by\u0142a mocarstwem i \u017cy\u0142o [&hellip;]<\/p>\n","protected":false},"author":2,"featured_media":0,"comment_status":"open","ping_status":"open","sticky":false,"template":"","format":"standard","meta":{"footnotes":""},"categories":[1],"tags":[],"_links":{"self":[{"href":"https:\/\/blog.polityka.pl\/adamczewski\/wp-json\/wp\/v2\/posts\/407"}],"collection":[{"href":"https:\/\/blog.polityka.pl\/adamczewski\/wp-json\/wp\/v2\/posts"}],"about":[{"href":"https:\/\/blog.polityka.pl\/adamczewski\/wp-json\/wp\/v2\/types\/post"}],"author":[{"embeddable":true,"href":"https:\/\/blog.polityka.pl\/adamczewski\/wp-json\/wp\/v2\/users\/2"}],"replies":[{"embeddable":true,"href":"https:\/\/blog.polityka.pl\/adamczewski\/wp-json\/wp\/v2\/comments?post=407"}],"version-history":[{"count":0,"href":"https:\/\/blog.polityka.pl\/adamczewski\/wp-json\/wp\/v2\/posts\/407\/revisions"}],"wp:attachment":[{"href":"https:\/\/blog.polityka.pl\/adamczewski\/wp-json\/wp\/v2\/media?parent=407"}],"wp:term":[{"taxonomy":"category","embeddable":true,"href":"https:\/\/blog.polityka.pl\/adamczewski\/wp-json\/wp\/v2\/categories?post=407"},{"taxonomy":"post_tag","embeddable":true,"href":"https:\/\/blog.polityka.pl\/adamczewski\/wp-json\/wp\/v2\/tags?post=407"}],"curies":[{"name":"wp","href":"https:\/\/api.w.org\/{rel}","templated":true}]}}