
{"id":4073,"date":"2012-03-05T08:00:19","date_gmt":"2012-03-05T07:00:19","guid":{"rendered":"http:\/\/adamczewski.blog.polityka.pl\/?p=4073"},"modified":"2012-03-04T20:13:02","modified_gmt":"2012-03-04T19:13:02","slug":"rzym-lezy-blizej-niz-nam-sie-wydaje","status":"publish","type":"post","link":"https:\/\/blog.polityka.pl\/adamczewski\/2012\/03\/05\/rzym-lezy-blizej-niz-nam-sie-wydaje\/","title":{"rendered":"Rzym le\u017cy bli\u017cej ni\u017c nam si\u0119 wydaje"},"content":{"rendered":"<p>Je\u015bli jest pi\u0119kny, s\u0142oneczny dzie\u0144, bez wzgl\u0119du na por\u0119 roku, warto wybra\u0107 si\u0119 na tak\u0105 wycieczk\u0119. Zaledwie 170 kilometr\u00f3w na p\u00f3\u0142nocny wsch\u00f3d od Warszawy le\u017c\u0105 Kiermusy. To ma\u0142a wie\u015b w s\u0105siedztwie Tykocina. W Tykocinie mo\u017cna obejrze\u0107 remontowany zabytkowy rynek, ko\u015bci\u00f3\u0142 i synagog\u0119. W Kiermusach za\u015b w ka\u017cd\u0105 pierwsz\u0105\u00a0 niedziel\u0119 miesi\u0105ca odbywa si\u0119 jeden z wi\u0119kszych w Polsce jarmark\u00f3w staroci. Przyje\u017cd\u017caj\u0105 tu handlarze zza wschodniej granicy a tak\u017ce kupcy z r\u00f3\u017cnych stron Polski przywo\u017c\u0105c swoje skarby, by je korzystnie sprzeda\u0107.<\/p>\n<p><a href=\"\/wp-content\/uploads\/2012\/03\/Nowe-nabytki-z-motywem-konnym.jpg\"><img loading=\"lazy\" decoding=\"async\" class=\"aligncenter size-medium wp-image-4074\" title=\"OLYMPUS DIGITAL CAMERA\" src=\"\/wp-content\/uploads\/2012\/03\/Nowe-nabytki-z-motywem-konnym-300x225.jpg\" alt=\"\" width=\"300\" height=\"225\" srcset=\"\/adamczewski\/wp-content\/uploads\/2012\/03\/Nowe-nabytki-z-motywem-konnym-300x225.jpg 300w, \/adamczewski\/wp-content\/uploads\/2012\/03\/Nowe-nabytki-z-motywem-konnym.jpg 640w\" sizes=\"(max-width: 300px) 100vw, 300px\" \/><\/a><em>M\u00f3j ulubiony motyw konny na talerzach z angielskiej wytw\u00f3rni fajansu<\/em><\/p>\n<p>Na le\u015bnym parkingu mo\u017cna zobaczy\u0107 auta z rejestracj\u0105 z ca\u0142ego niemal\u00a0 kraju. To kolekcjonerzy starych mebli, porcelany, fajansu, lamp, militari\u00f3w i &#8222;durnostojek&#8221; wszelkiej ma\u015bci. W\u0119druj\u0105c mi\u0119dzy \u00a0straganami mo\u017cna znale\u017a\u0107 tak\u017ce smako\u0142yki litewskie: prawdziwy kindziuk, chleb wile\u0144ski czy zio\u0142owe nalewki a tak\u017ce podlaskie miody, kurpiowskie fafernuchy, olbrzymie s\u0119kacze, sery zagrodowe, w\u015br\u00f3d kt\u00f3rych tym razem kr\u00f3lowa\u0142y kozie.<br \/>\nMimo s\u0142o\u0144ca, po godzinie w\u0119dr\u00f3wek w labiryncie stoisk i namiot\u00f3w, wzd\u0142u\u017c p\u0142ot\u00f3w zamienionych w galerie najwspanialszego kiczowatego malarstwa, obok ostoi \u017cubr\u00f3w patrz\u0105cych bez sympatii na wa\u0142\u0119saj\u0105cych si\u0119 ha\u0142a\u015bliwych ludzi, zmarzli\u015bmy i zg\u0142odnieli\u015bmy tak, \u017ce postanowili\u015bmy zasi\u0105\u015b\u0107 za sto\u0142em. Po drugiej stronie ulicy, zaledwie kilkadziesi\u0105t metr\u00f3w od targowiska, przycupn\u0119\u0142y drewniane zabudowania tzw. Rzeczpospolitej Kiermusi\u0144skiej. Mieszcz\u0105 si\u0119 w nich pokoje do wynaj\u0119cia na wakacje oraz\u00a0&#8211; dla zg\u0142odnia\u0142ych &#8211; Karczma &#8222;Rzym&#8221;. I tu w\u0142a\u015bnie wyl\u0105dowali\u015bmy wczesnym popo\u0142udniem.<\/p>\n<p><a href=\"\/wp-content\/uploads\/2012\/03\/Karczma-Rzym-deska-w\u0119dlin.jpg\"><img loading=\"lazy\" decoding=\"async\" class=\"aligncenter size-medium wp-image-4075\" title=\"OLYMPUS DIGITAL CAMERA\" src=\"\/wp-content\/uploads\/2012\/03\/Karczma-Rzym-deska-w\u0119dlin-300x225.jpg\" alt=\"\" width=\"300\" height=\"225\" srcset=\"\/adamczewski\/wp-content\/uploads\/2012\/03\/Karczma-Rzym-deska-w\u0119dlin-300x225.jpg 300w, \/adamczewski\/wp-content\/uploads\/2012\/03\/Karczma-Rzym-deska-w\u0119dlin.jpg 640w\" sizes=\"(max-width: 300px) 100vw, 300px\" \/><\/a><\/p>\n<p><em>Deska w\u0119dlin, pasztet oraz chrzan, \u0107wik\u0142a i \u017curawina na gor\u0105co<br \/>\n<\/em>Trzy wielkie sale umeblowane typowymi sto\u0142ami, \u0142awami i sto\u0142kami, ustrojone podlaskimi malowid\u0142ami i wiejskim sprz\u0119tem wype\u0142nione by\u0142y po brzegi. Okaza\u0142o si\u0119, \u017ce w dni targowe nale\u017cy rezerwowa\u0107 miejsca. Nam uda\u0142o si\u0119 trafi\u0107 na moment, gdy zwolniony stolik jeszcze nie zosta\u0142 zaj\u0119ty przez kolejnych go\u015bci. Zasiedli\u015bmy wi\u0119c szybciutko i zam\u00f3wili\u015bmy co\u015b do picia. Zanim na st\u00f3\u0142 wp\u0142yn\u0105\u0142 dzban \u015bwie\u017co zrobionego podpiwku, dostali\u015bmy po kieliszku nalewki pigwowej. \u0141yk pigw\u00f3wki postawi\u0142 wszystkich na nogi. Podpiwek za\u015b od\u015bwie\u017cy\u0142 zaschni\u0119te gard\u0142a i mogli\u015bmy wreszcie zamawia\u0107 dania. Spieraj\u0105c si\u0119 o to kto co zam\u00f3wi pogryzali\u015bmy pasztet i w\u0119dliny (produkcji szefa kuchni) z chrzanem i \u0107wik\u0142\u0105.<\/p>\n<p><a href=\"\/wp-content\/uploads\/2012\/03\/Karczma-Rzym-\u017ceberka.jpg\"><img loading=\"lazy\" decoding=\"async\" class=\"aligncenter size-medium wp-image-4076\" title=\"OLYMPUS DIGITAL CAMERA\" src=\"\/wp-content\/uploads\/2012\/03\/Karczma-Rzym-\u017ceberka-300x225.jpg\" alt=\"\" width=\"300\" height=\"225\" srcset=\"\/adamczewski\/wp-content\/uploads\/2012\/03\/Karczma-Rzym-\u017ceberka-300x225.jpg 300w, \/adamczewski\/wp-content\/uploads\/2012\/03\/Karczma-Rzym-\u017ceberka.jpg 640w\" sizes=\"(max-width: 300px) 100vw, 300px\" \/><\/a><\/p>\n<p><em>\u017beberka z kasz\u0105 gryczan\u0105<br \/>\n<\/em>Widz\u0105c jak gigantyczne porcje dostaj\u0105 nasi s\u0105siedzi poprosili\u015bmy o dwie zupy zamkowe rozlane do czterech glinianych garnuszk\u00f3w. I tak by\u0142o tego stanowczo\u00a0 za du\u017co. Zupa przypominaj\u0105ca kartoflank\u0119 zawiera\u0142a spore pulpety z mielonego mi\u0119sa, kluski przypominaj\u0105ce \u0142azanki i \u017c\u00f3\u0142ty ser, kt\u00f3ry rozpu\u015bci\u0142 si\u0119 ca\u0142kowicie i ci\u0105gn\u0105\u0142 jak makaron. Smak zupy zdominowany by\u0142 curry. Wst\u0119p wi\u0119c by\u0142 wielce udany.<br \/>\nNa drugie danie zam\u00f3wili\u015bmy pol\u0119dwiczki wieprzowe pod beszamelem, indyka w papilotach oraz \u017ceberka w musztardzie. Do tego zestaw sur\u00f3wek czyli marchew zmieszana z selerem, kiszona kapusta, og\u00f3rki i sa\u0142ata w \u015bmietanie.<br \/>\nZ deser\u00f3w zrezygnowali\u015bmy boj\u0105c si\u0119 \u017ce nie damy im rady. Zako\u0144czyli\u015bmy wi\u0119c obiad espresso. I tu mi\u0142e zaskoczenie. Nie tylko, \u017ce kawa by\u0142 dobra\u00a0bo gor\u0105ca, aromatyczna, pokryta be\u017cow\u0105 piank\u0105 czyli crema ale podano do niej po szklaneczce lodowatej czystej wody. Jak &#8222;Rzym&#8221; to Rzym!<\/p>\n","protected":false},"excerpt":{"rendered":"<p>Je\u015bli jest pi\u0119kny, s\u0142oneczny dzie\u0144, bez wzgl\u0119du na por\u0119 roku, warto wybra\u0107 si\u0119 na tak\u0105 wycieczk\u0119. Zaledwie 170 kilometr\u00f3w na p\u00f3\u0142nocny wsch\u00f3d od Warszawy le\u017c\u0105 Kiermusy. To ma\u0142a wie\u015b w s\u0105siedztwie Tykocina. W Tykocinie mo\u017cna obejrze\u0107 remontowany zabytkowy rynek, ko\u015bci\u00f3\u0142 i synagog\u0119. W Kiermusach za\u015b w ka\u017cd\u0105 pierwsz\u0105\u00a0 niedziel\u0119 miesi\u0105ca odbywa si\u0119 jeden z wi\u0119kszych [&hellip;]<\/p>\n","protected":false},"author":2,"featured_media":0,"comment_status":"open","ping_status":"open","sticky":false,"template":"","format":"standard","meta":{"footnotes":""},"categories":[1],"tags":[],"_links":{"self":[{"href":"https:\/\/blog.polityka.pl\/adamczewski\/wp-json\/wp\/v2\/posts\/4073"}],"collection":[{"href":"https:\/\/blog.polityka.pl\/adamczewski\/wp-json\/wp\/v2\/posts"}],"about":[{"href":"https:\/\/blog.polityka.pl\/adamczewski\/wp-json\/wp\/v2\/types\/post"}],"author":[{"embeddable":true,"href":"https:\/\/blog.polityka.pl\/adamczewski\/wp-json\/wp\/v2\/users\/2"}],"replies":[{"embeddable":true,"href":"https:\/\/blog.polityka.pl\/adamczewski\/wp-json\/wp\/v2\/comments?post=4073"}],"version-history":[{"count":5,"href":"https:\/\/blog.polityka.pl\/adamczewski\/wp-json\/wp\/v2\/posts\/4073\/revisions"}],"predecessor-version":[{"id":4078,"href":"https:\/\/blog.polityka.pl\/adamczewski\/wp-json\/wp\/v2\/posts\/4073\/revisions\/4078"}],"wp:attachment":[{"href":"https:\/\/blog.polityka.pl\/adamczewski\/wp-json\/wp\/v2\/media?parent=4073"}],"wp:term":[{"taxonomy":"category","embeddable":true,"href":"https:\/\/blog.polityka.pl\/adamczewski\/wp-json\/wp\/v2\/categories?post=4073"},{"taxonomy":"post_tag","embeddable":true,"href":"https:\/\/blog.polityka.pl\/adamczewski\/wp-json\/wp\/v2\/tags?post=4073"}],"curies":[{"name":"wp","href":"https:\/\/api.w.org\/{rel}","templated":true}]}}