
{"id":409,"date":"2008-01-18T08:00:40","date_gmt":"2008-01-18T07:00:40","guid":{"rendered":"http:\/\/adamczewski.blog.polityka.pl\/?p=409"},"modified":"2008-01-10T12:43:23","modified_gmt":"2008-01-10T11:43:23","slug":"pomocnik-gospodarza","status":"publish","type":"post","link":"https:\/\/blog.polityka.pl\/adamczewski\/2008\/01\/18\/pomocnik-gospodarza\/","title":{"rendered":"Pomocnik gospodarza"},"content":{"rendered":"<p>Karnawa\u0142 &#8211; co ju\u017c ustalili\u015bmy wcze\u015bniej &#8211; sprzyja towarzyskim kontaktom. A kiedy ju\u017c zapraszamy go\u015bci, chcia\u0142oby si\u0119  uraczy\u0107 ich czym\u015b naprawd\u0119 doskona\u0142ym, oryginalnym, czym\u015b, czego inni nie b\u0119d\u0105 umieli na\u015bladowa\u0107. Pom\u00f3c w tym mo\u017ce zar\u00f3wno fantazja, do\u015bwiadczenie kuchenne jak i \u017cyczliwa podpowied\u017a. Prosz\u0119 tak w\u0142a\u015bnie potraktowa\u0107  to, co znajdziecie poni\u017cej. Podaj\u0119 bowiem kilka przepis\u00f3w na uroczyste potrawy, kt\u00f3re mog\u0105 zaimponowa\u0107 go\u015bciom.<\/p>\n<p>Nie b\u0119dzie w\u015br\u00f3d nich przepis\u00f3w na przyk\u0142ad  na sa\u0142atki, kt\u00f3rych przyrz\u0105dzanie sta\u0142o si\u0119 ostatnio wielk\u0105 mod\u0105. S\u0105 one bowiem tak znane i  wesz\u0142y do repertuaru nawet niewprawnych gospody\u0144.<\/p>\n<p>Uwa\u017cam natomiast, \u017ce dobre danie mi\u0119sne czy rybne &#8211; a takim zazwyczaj raczymy uczestnik\u00f3w wielkiego przyj\u0119cia &#8211; stanowi dopiero wyzwanie dla pani lub pana domu. Liczy si\u0119 tu zar\u00f3wno pomys\u0142, wykonanie, przyprawienie jak i spos\u00f3b podania. Dla czytelnik\u00f3w ?Gotuj si\u0119!? jedna przynajmniej kwestia przestaje istnie\u0107: pomys\u0142, zach\u0119cam bowiem do skorzystania z podpowiedzi. Jest to zaledwie jedno danie, ale w\u0142asna inwencja pozwoli wok\u00f3\u0142 niego zbudowa\u0107 przyj\u0119cie co si\u0119 zowie. Znajdziecie tu przepisy na dania bardzo kosztowne i mniej kosztowne lecz pracoch\u0142onne. No, ale wielka okazja wymaga po\u015bwi\u0119ce\u0144&#8230;<\/p>\n<p><strong>Piecze\u0144 ciel\u0119ca z kawiorem<\/strong><br \/>\n<em>1 &#8211; 2 kg pi\u0119knej ciel\u0119ciny ze sznycl\u00f3wki,,2 \u0142y\u017cki mas\u0142a lub margaryny do sma\u017cenia,1\/2 szklanki \u015bmietanki, 1 cytryna, s\u00f3l, 1puszeczka czarnego lub czerwonego kawioru (mo\u017ce by\u0107 w najgorszym razie pasta kawiorowa)<\/em><br \/>\nCiel\u0119cina powinna by\u0107 dobrze uformowana. powinien to by\u0107 raczej jeden mi\u0119sie\u0144 o walcowatym kszta\u0142cie. Nasoli\u0107 lekko mi\u0119so na p\u00f3\u0142 godziny przed pieczeniem. Obsma\u017cy\u0107 je nast\u0119pnie na ma\u015ble lub margarynie ze wszystkich stron, po czym wstawi\u0107 do piekarnika i piec polewaj\u0105c \u015bmietan\u0105 wymieszan\u0105 z sokiem z ca\u0142ej cytryny. Po mniej wi\u0119cej 1 godzinie ponacina\u0107 mi\u0119so uko\u015bnie i w naci\u0119cia powk\u0142ada\u0107 kawior (lub past\u0119 kawiorow\u0105), po czym lekko \u015bcisn\u0105\u0107 w ten spos\u00f3b, aby kawior nie wypada\u0142 z wg\u0142\u0119bie\u0144. Jeszcze raz wstawi\u0107 do piekarnika na kilkana\u015bcie minut aby mi\u0119so przesz\u0142o zapachem kawioru. Podawa\u0107 piecze\u0144 na gor\u0105co, przybran\u0105 \u015bwie\u017cymi owocami: pokrojonymi w cienkie plasterki i skropionymi lekko sokiem z cytryny gruszkami i jab\u0142kami krojonymi wraz ze sk\u00f3rk\u0105. Jako dodatek najw\u0142a\u015bciwszy jest ry\u017c posypany lekko zielon\u0105 pietruszk\u0105.<\/p>\n<p><strong>Kurczak a la dziczyzna<\/strong><br \/>\n<em>1 du\u017cy kurczak,3 \u0142y\u017cki mas\u0142a lub margaryny ,1\/2 szklanki s\u0142odkiej \u015bmietanki,1\/4 szklanki roso\u0142u,s\u00f3l,1 \u0142y\u017ceczka nasion ja\u0142owca,1\/2 szklanki mleka,1 jajko,2 \u0142y\u017cki mas\u0142\u0105,2 kurze w\u0105tr\u00f3bki,4 \u0142y\u017cki tartej bu\u0142ki.<\/em><br \/>\nKurczaka  dok\u0142adnie sprawi\u0107, usun\u0105\u0107 z wn\u0119trza nadmiar t\u0142uszczu, posoli\u0107. Tart\u0105 bu\u0142k\u0119 zala\u0107 mlekiem, \u017c\u00f3\u0142tko uciera\u0107 z mas\u0142em, doda\u0107 posiekan\u0105 lub zmielon\u0105 w\u0105tr\u00f3bk\u0119, doda\u0107 po\u0142ow\u0119 ut\u0142uczonego ja\u0142owca, posoli\u0107, doda\u0107 ubit\u0105 na sztywno pian\u0119 i namoczon\u0105 w mleku bu\u0142k\u0119. Nadzienie w\u0142o\u017cy\u0107 do wn\u0119trza kurczaka, otw\u00f3r brzuszny zaszy\u0107 bia\u0142\u0105 nici\u0105. Ca\u0142ego kurczaka  posoli\u0107 i natrze\u0107 pozosta\u0142ym ut\u0142uczonym ja\u0142owcem. Wstawi\u0107 do piekarnika i piec powoli polewaj\u0105c mas\u0142em. Kiedy ptak jest ju\u017c mi\u0119kki, wla\u0107 do sosu \u015bmietan\u0119 i 1\/4 szklanki roso\u0142u, sos zagotowa\u0107.<\/p>\n<p>Pokrojonego wraz z nadzieniem kurczaka u\u0142o\u017cy\u0107 na p\u00f3\u0142misku i albo w ca\u0142o\u015bci pola\u0107 sosem, albo sos poda\u0107 osobno w sosjerce. Naoko\u0142o mi\u0119sa pouk\u0142ada\u0107 jak najobficiej marynowane owoce i warzywa. Podawa\u0107  na gor\u0105co z pokrojon\u0105 w kawa\u0142ki bagietk\u0105.<br \/>\n<strong><br \/>\nSandacz lub szczupak nadziewany<\/strong><br \/>\n<em>1 du\u017ca ryba, wagi mniej wi\u0119cej 1-1,5 kg,10 dag pieczarek,25 dag ciel\u0119ciny,2 \u0142y\u017cki siekanej zielonej pietruszki,1 jajko,2 \u0142y\u017cki mas\u0142a,1 \u0142y\u017cka tartej bu\u0142ki,s\u00f3l,pieprz,1 \u0142y\u017cka mas\u0142a do posmarowania wierzchu ryby do pieczenia,1\/2 szklanki bia\u0142ego wina do polewania ryby.<br \/>\n<\/em>Ryb\u0119 sprawi\u0107, lekko posoli\u0107. Bardzo ozdobnie wygl\u0105da podana z g\u0142owa, ale trzeba w\u00f3wczas usun\u0105\u0107 oczy i skrzela. Pieczarki poddusi\u0107 na 1 \u0142y\u017cce mas\u0142a. Ciel\u0119cin\u0119 wraz z pieczarkami zmieli\u0107,  po\u0142\u0105czy\u0107 z \u017c\u00f3\u0142tkiem, mas\u0142em, tart\u0105 bu\u0142k\u0105, zielon\u0105 pietruszk\u0105, doprawi\u0107 sol\u0105 i pieprzem. Ubi\u0107 pian\u0119 z bia\u0142ka. Doda\u0107 do masy. Nape\u0142ni\u0107 ni\u0105 wn\u0119trze ryby. Otw\u00f3r zaszy\u0107. Po\u0142o\u017cy\u0107 ryb\u0119 na brytfannie i piec oko\u0142o 35 minut w nagrzanym piekarniku(170 st. C) polewaj\u0105c roztopionym mas\u0142em i winem. Poda\u0107 z du\u017c\u0105 ilo\u015bci\u0105 zielonej sa\u0142aty i cykorii.<\/p>\n","protected":false},"excerpt":{"rendered":"<p>Karnawa\u0142 &#8211; co ju\u017c ustalili\u015bmy wcze\u015bniej &#8211; sprzyja towarzyskim kontaktom. A kiedy ju\u017c zapraszamy go\u015bci, chcia\u0142oby si\u0119 uraczy\u0107 ich czym\u015b naprawd\u0119 doskona\u0142ym, oryginalnym, czym\u015b, czego inni nie b\u0119d\u0105 umieli na\u015bladowa\u0107. Pom\u00f3c w tym mo\u017ce zar\u00f3wno fantazja, do\u015bwiadczenie kuchenne jak i \u017cyczliwa podpowied\u017a. Prosz\u0119 tak w\u0142a\u015bnie potraktowa\u0107 to, co znajdziecie poni\u017cej. Podaj\u0119 bowiem kilka przepis\u00f3w na [&hellip;]<\/p>\n","protected":false},"author":2,"featured_media":0,"comment_status":"open","ping_status":"open","sticky":false,"template":"","format":"standard","meta":{"footnotes":""},"categories":[1],"tags":[],"_links":{"self":[{"href":"https:\/\/blog.polityka.pl\/adamczewski\/wp-json\/wp\/v2\/posts\/409"}],"collection":[{"href":"https:\/\/blog.polityka.pl\/adamczewski\/wp-json\/wp\/v2\/posts"}],"about":[{"href":"https:\/\/blog.polityka.pl\/adamczewski\/wp-json\/wp\/v2\/types\/post"}],"author":[{"embeddable":true,"href":"https:\/\/blog.polityka.pl\/adamczewski\/wp-json\/wp\/v2\/users\/2"}],"replies":[{"embeddable":true,"href":"https:\/\/blog.polityka.pl\/adamczewski\/wp-json\/wp\/v2\/comments?post=409"}],"version-history":[{"count":0,"href":"https:\/\/blog.polityka.pl\/adamczewski\/wp-json\/wp\/v2\/posts\/409\/revisions"}],"wp:attachment":[{"href":"https:\/\/blog.polityka.pl\/adamczewski\/wp-json\/wp\/v2\/media?parent=409"}],"wp:term":[{"taxonomy":"category","embeddable":true,"href":"https:\/\/blog.polityka.pl\/adamczewski\/wp-json\/wp\/v2\/categories?post=409"},{"taxonomy":"post_tag","embeddable":true,"href":"https:\/\/blog.polityka.pl\/adamczewski\/wp-json\/wp\/v2\/tags?post=409"}],"curies":[{"name":"wp","href":"https:\/\/api.w.org\/{rel}","templated":true}]}}