
{"id":4098,"date":"2012-03-14T08:00:16","date_gmt":"2012-03-14T07:00:16","guid":{"rendered":"http:\/\/adamczewski.blog.polityka.pl\/?p=4098"},"modified":"2012-03-08T16:00:25","modified_gmt":"2012-03-08T15:00:25","slug":"zgadnij-co-gotujemy-113","status":"publish","type":"post","link":"https:\/\/blog.polityka.pl\/adamczewski\/2012\/03\/14\/zgadnij-co-gotujemy-113\/","title":{"rendered":"Zgadnij co gotujemy"},"content":{"rendered":"<p><a href=\"\/wp-content\/uploads\/2012\/03\/Fartuch-nagroda.jpg\"><img loading=\"lazy\" decoding=\"async\" class=\"aligncenter size-medium wp-image-4099\" title=\"OLYMPUS DIGITAL CAMERA\" src=\"\/wp-content\/uploads\/2012\/03\/Fartuch-nagroda-225x300.jpg\" alt=\"\" width=\"225\" height=\"300\" \/><\/a>\u00a0<\/p>\n<p>W tym tygodniu nagrod\u0105 jest nie ksi\u0105\u017cka lecz pi\u0119kny fartuch barma\u0144ski z logo firmy herbacianej. Uczestniczy\u0142em (i opisa\u0142em w pi\u0105tek) w &#8222;Szkole herbaty&#8221; wi\u0119c mia\u0142em okazj\u0119 wy\u0142udzi\u0107 fartuch od samego g\u0142\u00f3wnego degustatora firmy Dilmah czyli Dilhana Fernando.\u00a0 Mam nadziej\u0119, \u017ce ta nagroda jest wystarczaj\u0105co zach\u0119caj\u0105ca do udzia\u0142u w dzisiejszej zgadywance.<br \/>\nA teraz pytania:<\/p>\n<p>1.Co mo\u017cna a czego absolutnie nie nale\u017cy nazywa\u0107 herbat\u0105?<\/p>\n<p>2.Czym si\u0119 r\u00f3\u017cni herbata ulung od pozosta\u0142ych herbat?<\/p>\n<p>3.A czym si\u0119 wyr\u00f3\u017cnia od pozosta\u0142ych herbata pur-erh i jak d\u0142ugo mo\u017cna j\u0105 przechowywa\u0107?<\/p>\n<p>Teraz prosz\u0119 o szybkie wys\u0142anie odpowiedzi na znany adres czyli <a href=\"mailto:internet@polityka.com.pl\">internet@polityka.com.pl<\/a>\u00a0 i\u00a0nagroda\u00a0 zostanie wyekspediowana pod wskazany adres.<\/p>\n","protected":false},"excerpt":{"rendered":"<p>\u00a0 W tym tygodniu nagrod\u0105 jest nie ksi\u0105\u017cka lecz pi\u0119kny fartuch barma\u0144ski z logo firmy herbacianej. Uczestniczy\u0142em (i opisa\u0142em w pi\u0105tek) w &#8222;Szkole herbaty&#8221; wi\u0119c mia\u0142em okazj\u0119 wy\u0142udzi\u0107 fartuch od samego g\u0142\u00f3wnego degustatora firmy Dilmah czyli Dilhana Fernando.\u00a0 Mam nadziej\u0119, \u017ce ta nagroda jest wystarczaj\u0105co zach\u0119caj\u0105ca do udzia\u0142u w dzisiejszej zgadywance. A teraz pytania: 1.Co [&hellip;]<\/p>\n","protected":false},"author":2,"featured_media":0,"comment_status":"open","ping_status":"open","sticky":false,"template":"","format":"standard","meta":{"footnotes":""},"categories":[1],"tags":[],"_links":{"self":[{"href":"https:\/\/blog.polityka.pl\/adamczewski\/wp-json\/wp\/v2\/posts\/4098"}],"collection":[{"href":"https:\/\/blog.polityka.pl\/adamczewski\/wp-json\/wp\/v2\/posts"}],"about":[{"href":"https:\/\/blog.polityka.pl\/adamczewski\/wp-json\/wp\/v2\/types\/post"}],"author":[{"embeddable":true,"href":"https:\/\/blog.polityka.pl\/adamczewski\/wp-json\/wp\/v2\/users\/2"}],"replies":[{"embeddable":true,"href":"https:\/\/blog.polityka.pl\/adamczewski\/wp-json\/wp\/v2\/comments?post=4098"}],"version-history":[{"count":3,"href":"https:\/\/blog.polityka.pl\/adamczewski\/wp-json\/wp\/v2\/posts\/4098\/revisions"}],"predecessor-version":[{"id":4101,"href":"https:\/\/blog.polityka.pl\/adamczewski\/wp-json\/wp\/v2\/posts\/4098\/revisions\/4101"}],"wp:attachment":[{"href":"https:\/\/blog.polityka.pl\/adamczewski\/wp-json\/wp\/v2\/media?parent=4098"}],"wp:term":[{"taxonomy":"category","embeddable":true,"href":"https:\/\/blog.polityka.pl\/adamczewski\/wp-json\/wp\/v2\/categories?post=4098"},{"taxonomy":"post_tag","embeddable":true,"href":"https:\/\/blog.polityka.pl\/adamczewski\/wp-json\/wp\/v2\/tags?post=4098"}],"curies":[{"name":"wp","href":"https:\/\/api.w.org\/{rel}","templated":true}]}}