
{"id":412,"date":"2008-01-23T08:00:01","date_gmt":"2008-01-23T07:00:01","guid":{"rendered":"http:\/\/adamczewski.blog.polityka.pl\/?p=412"},"modified":"2008-01-23T08:00:01","modified_gmt":"2008-01-23T07:00:01","slug":"zgadnij-co-gotujemy-74","status":"publish","type":"post","link":"https:\/\/blog.polityka.pl\/adamczewski\/2008\/01\/23\/zgadnij-co-gotujemy-74\/","title":{"rendered":"Zgadnij co gotujemy? (74)"},"content":{"rendered":"<p>Kupi\u0142em sobie przed paroma dniami ksi\u0105\u017ck\u0119 o kuchni pomorsko-wielkopolskiej. Autor Zbigniew Przybylak nazwa\u0142 swoje dzie\u0142o &#8222;Tradycyjna kuchnia pomorsko-wielkopolska czyli od poliwek i golc\u00f3w po okrasy i pierniki&#8221;. Czytam t\u0119 ksi\u0105\u017ck\u0119 i czerpi\u0119 z niej wiele przyjemno\u015bci. S\u0105 tu bowiem nie tylko nieznane mi przepisy do wykorzystania ale tak\u017ce i opis nieznanych obyczaj\u00f3w. A najbardziej mnie bawi\u0105 nazwy znanych potraw ukrywaj\u0105ce si\u0119 pod ca\u0142kiem obcymi s\u0142owami. I to w\u0142a\u015bnie b\u0119dzie temat dzisiejszego quizu. Oto pytania:<\/p>\n<p>1. Dukane pyrki &#8211; co takiego?<br \/>\n2. Co to jest knobloszka?<br \/>\n3. A \u017cylc to &#8230; ?<\/p>\n<p>Odpowiedzi jak zwykle prosz\u0119 przysy\u0142a\u0107 na adres internet@polityka.com.pl<\/p>\n<p>ak zwykle kto pierwszy ten lepszy. Trzy prawid\u0142owe odpowiedzi umo\u017cliwi\u0105 wys\u0142anie nagrody. A nagroda to ksi\u0105\u017cka Mariusza Janickiego i Wies\u0142awa W\u0142adyki &#8222;Cie\u0144 wielkiego brata&#8221;. Czekam wi\u0119c!<\/p>\n","protected":false},"excerpt":{"rendered":"<p>Kupi\u0142em sobie przed paroma dniami ksi\u0105\u017ck\u0119 o kuchni pomorsko-wielkopolskiej. Autor Zbigniew Przybylak nazwa\u0142 swoje dzie\u0142o &#8222;Tradycyjna kuchnia pomorsko-wielkopolska czyli od poliwek i golc\u00f3w po okrasy i pierniki&#8221;. Czytam t\u0119 ksi\u0105\u017ck\u0119 i czerpi\u0119 z niej wiele przyjemno\u015bci. S\u0105 tu bowiem nie tylko nieznane mi przepisy do wykorzystania ale tak\u017ce i opis nieznanych obyczaj\u00f3w. A najbardziej mnie [&hellip;]<\/p>\n","protected":false},"author":2,"featured_media":0,"comment_status":"open","ping_status":"open","sticky":false,"template":"","format":"standard","meta":{"footnotes":""},"categories":[1],"tags":[],"_links":{"self":[{"href":"https:\/\/blog.polityka.pl\/adamczewski\/wp-json\/wp\/v2\/posts\/412"}],"collection":[{"href":"https:\/\/blog.polityka.pl\/adamczewski\/wp-json\/wp\/v2\/posts"}],"about":[{"href":"https:\/\/blog.polityka.pl\/adamczewski\/wp-json\/wp\/v2\/types\/post"}],"author":[{"embeddable":true,"href":"https:\/\/blog.polityka.pl\/adamczewski\/wp-json\/wp\/v2\/users\/2"}],"replies":[{"embeddable":true,"href":"https:\/\/blog.polityka.pl\/adamczewski\/wp-json\/wp\/v2\/comments?post=412"}],"version-history":[{"count":0,"href":"https:\/\/blog.polityka.pl\/adamczewski\/wp-json\/wp\/v2\/posts\/412\/revisions"}],"wp:attachment":[{"href":"https:\/\/blog.polityka.pl\/adamczewski\/wp-json\/wp\/v2\/media?parent=412"}],"wp:term":[{"taxonomy":"category","embeddable":true,"href":"https:\/\/blog.polityka.pl\/adamczewski\/wp-json\/wp\/v2\/categories?post=412"},{"taxonomy":"post_tag","embeddable":true,"href":"https:\/\/blog.polityka.pl\/adamczewski\/wp-json\/wp\/v2\/tags?post=412"}],"curies":[{"name":"wp","href":"https:\/\/api.w.org\/{rel}","templated":true}]}}