
{"id":415,"date":"2008-01-28T08:00:04","date_gmt":"2008-01-28T07:00:04","guid":{"rendered":"http:\/\/adamczewski.blog.polityka.pl\/?p=415"},"modified":"2008-01-25T22:24:38","modified_gmt":"2008-01-25T21:24:38","slug":"ramowy-szkic-projektu-planu-ii-miedzynarodowego-zjazdu-smakoszy-na-pograniczu-mazowsza-i-kurpii","status":"publish","type":"post","link":"https:\/\/blog.polityka.pl\/adamczewski\/2008\/01\/28\/ramowy-szkic-projektu-planu-ii-miedzynarodowego-zjazdu-smakoszy-na-pograniczu-mazowsza-i-kurpii\/","title":{"rendered":"Ramowy szkic projektu planu II Mi\u0119dzynarodowego Zjazdu Smakoszy na pograniczu Mazowsza i Kurpii"},"content":{"rendered":"<p><strong>&#8211; przygotowany i zatwierdzony przez Gospodarza i skierowany do powszechnych konsultacji<\/strong><\/p>\n<p>Jako wieloletni pracownik propagandowego frontu cz\u0119sto mylnie zwanego dziennikarstwem dobrze zapami\u0119ta\u0142em jak przygotowywano dokumenty kolejnych zjazd\u00f3w. Pracowa\u0142y nad nimi liczne zespo\u0142y KC, Sekretariaty a nawet Biura Polityczne. I ja bezczelnie postanowi\u0142em zast\u0105pi\u0107 wszystkie te instancje. Po d\u0142ugich przemy\u015bleniach postanowi\u0142em przedstawi\u0107 taki dokument:<\/p>\n<p>I Zjazd Smakoszy(oczywi\u015bcie tak\u017ce Mi\u0119dzynarodowy jak i pierwszy, ten w K\u00f3rniku) odb\u0119dzie si\u0119 w dniach 6 i 7 wrze\u015bnia 2008 roku pod Pu\u0142tuskiem. Dok\u0142adny adres chwilowo zachowujemy w tajemnicy, by \u017caden wr\u00f3g nie pokrzy\u017cowa\u0142 nam plan\u00f3w. Dopuszczamy my\u015bl, \u017ce pierwsi go\u015bcie mog\u0105 przyje\u017cd\u017ca\u0107 ju\u017c wieczorem dnia poprzedniego czyli w pi\u0105tek 5 wrze\u015bnia.<\/p>\n<p>G\u0142\u00f3wne wydarzenia Zjazdu czyli obrady plenarne w okolicznych restauracjach oraz na polu nale\u017c\u0105cym do Gospodarzy ( w razie niepogody na werandzie lub nawet dw\u00f3ch werandach) odb\u0119d\u0105 si\u0119 w sobot\u0119 i niedziel\u0119. Przewidziano tak\u017ce wycieczk\u0119 do dw\u00f3ch muze\u00f3w: Romantyzmu w Opinog\u00f3rze i Szlachty polskiej oraz Pozytywizmu w Go\u0142otczy\u017anie.<\/p>\n<p>Przewidziano tak\u017ce ogniska, saun\u0119 i wycieczki piesze nad Narwi\u0105, kt\u00f3ra w tym miejscu jest rezerwatem ptactwa wodnego.<br \/>\nWyboru w\u0142adz blogu &#8222;Gotuj si\u0119!&#8221; nie b\u0119dzie poniewa\u017c w\u0142adza w tej organizacji jest ca\u0142kowicie samozwa\u0144cza i niepodzielna.<\/p>\n<p>Na czym wi\u0119c maj\u0105 polega\u0107 konsultacje? Obja\u015bniam. Ka\u017cdy uczestnik mo\u017ce i powinien zg\u0142osi\u0107 sw\u00f3j udzia\u0142 w zje\u017adzie. Od tego bowiem zale\u017cy organizacja zakwaterowania a to problem wa\u017cny.<\/p>\n<p>Po wst\u0119pnych obliczeniach liczby uczestnik\u00f3w nast\u0105pi\u0105 dalsze konsultacje czyli podawanie dok\u0142adnego adresu (ka\u017cdemu osobno a nie na blogu z przyczyn jak wy\u017cej). R\u00f3wnocze\u015bnie konieczne b\u0119dzie powa\u017cne potraktowanie zg\u0142osze\u0144,  by nie powodowa\u0107 niepotrzebnego zamieszania organizacyjnego. Przedp\u0142at nie przewidujemy. O kosztach poinformujemy w kolejnym komunikacie (po zorientowaniu w liczbie uczestnik\u00f3w). Bez w\u0105tpienia nie b\u0119d\u0105 wy\u017csze ni\u017c w roku ubieg\u0142ym. Mimo inflacji poniewa\u017c procesowi temu podlega tylko got\u00f3wka a nie przyja\u017a\u0144!<\/p>\n<p><img loading=\"lazy\" decoding=\"async\" src=\"http:\/\/adamczewski.blog.polityka.pl\/wp-content\/uploads\/2006\/08\/domek_1.jpg\" alt=\"domek_1.jpg\" title=\"domek_1.jpg\" border=\"0\" height=\"248\" hspace=\"5\" vspace=\"5\" width=\"371\" \/><\/p>\n<p>Tu cz\u0119\u015b\u0107 zjazdowicz\u00f3w znajdzie nocleg i miejsce do knucia spisk\u00f3w<\/p>\n","protected":false},"excerpt":{"rendered":"<p>&#8211; przygotowany i zatwierdzony przez Gospodarza i skierowany do powszechnych konsultacji Jako wieloletni pracownik propagandowego frontu cz\u0119sto mylnie zwanego dziennikarstwem dobrze zapami\u0119ta\u0142em jak przygotowywano dokumenty kolejnych zjazd\u00f3w. Pracowa\u0142y nad nimi liczne zespo\u0142y KC, Sekretariaty a nawet Biura Polityczne. I ja bezczelnie postanowi\u0142em zast\u0105pi\u0107 wszystkie te instancje. Po d\u0142ugich przemy\u015bleniach postanowi\u0142em przedstawi\u0107 taki dokument: I Zjazd [&hellip;]<\/p>\n","protected":false},"author":2,"featured_media":0,"comment_status":"open","ping_status":"open","sticky":false,"template":"","format":"standard","meta":{"footnotes":""},"categories":[1],"tags":[],"_links":{"self":[{"href":"https:\/\/blog.polityka.pl\/adamczewski\/wp-json\/wp\/v2\/posts\/415"}],"collection":[{"href":"https:\/\/blog.polityka.pl\/adamczewski\/wp-json\/wp\/v2\/posts"}],"about":[{"href":"https:\/\/blog.polityka.pl\/adamczewski\/wp-json\/wp\/v2\/types\/post"}],"author":[{"embeddable":true,"href":"https:\/\/blog.polityka.pl\/adamczewski\/wp-json\/wp\/v2\/users\/2"}],"replies":[{"embeddable":true,"href":"https:\/\/blog.polityka.pl\/adamczewski\/wp-json\/wp\/v2\/comments?post=415"}],"version-history":[{"count":0,"href":"https:\/\/blog.polityka.pl\/adamczewski\/wp-json\/wp\/v2\/posts\/415\/revisions"}],"wp:attachment":[{"href":"https:\/\/blog.polityka.pl\/adamczewski\/wp-json\/wp\/v2\/media?parent=415"}],"wp:term":[{"taxonomy":"category","embeddable":true,"href":"https:\/\/blog.polityka.pl\/adamczewski\/wp-json\/wp\/v2\/categories?post=415"},{"taxonomy":"post_tag","embeddable":true,"href":"https:\/\/blog.polityka.pl\/adamczewski\/wp-json\/wp\/v2\/tags?post=415"}],"curies":[{"name":"wp","href":"https:\/\/api.w.org\/{rel}","templated":true}]}}